{"id":7609,"date":"2020-04-16T08:33:57","date_gmt":"2020-04-16T06:33:57","guid":{"rendered":"https:\/\/www.apador.org\/?p=7609"},"modified":"2020-04-16T09:30:06","modified_gmt":"2020-04-16T07:30:06","slug":"parlamentul-isi-poate-dovedi-bunele-intentii-si-fara-sa-incalce-constitutia","status":"publish","type":"post","link":"https:\/\/apador.org\/en\/parlamentul-isi-poate-dovedi-bunele-intentii-si-fara-sa-incalce-constitutia\/","title":{"rendered":"Parlamentul \u00ee\u015fi poate dovedi bunele inten\u0163ii \u015fi f\u0103r\u0103 s\u0103 \u00eencalce Constitu\u0163ia"},"content":{"rendered":"\n<p><\/p>\n\n\n\n<h3 class=\"wp-block-heading\">APADOR-CH atrage aten\u0163ia c\u0103 este neconstitu\u0163ional\u0103 o hot\u0103r\u00e2re a Parlamentului care con\u0163ine \u015fi alte prevederi, \u00een afar\u0103 de \u00eencuviin\u0163area sau respingerea m\u0103surii de prelungire a st\u0103rii de urgen\u0163\u0103 dispus\u0103 prin decret preziden\u0163ial <\/h3>\n\n\n\n<p><\/p>\n\n\n\n<p>\u00cen opinia public\u0103 exist\u0103 o dezbatere de ultim\u0103 or\u0103 \u00een leg\u0103tur\u0103 cu<a href=\"https:\/\/www.g4media.ro\/document-comisiile-de-specialitate-ale-parlamentului-recomanda-incuviintarea-decretului-presedintelui-de-prelungire-a-starii-de-urgenta-conditionarile-impuse-guvernului.html\"> con\u0163inutul hot\u0103r\u00e2rii camerelor reunite ale Parlamentului, prin care urmeaz\u0103 s\u0103 fie \u00eencuviin\u0163at\u0103 sau nu m\u0103sura de prelungire a st\u0103rii de urgen\u021b\u0103<\/a> pe teritoriul Rom\u00e2niei, dispus\u0103 prin decretul preziden\u0163ial nr. 240 din 14 aprilie 2020 <\/p>\n\n\n\n<p>Astfel, unii parlamentari inten\u0163ioneaz\u0103 ca \u00een hot\u0103r\u00e2rea Parlamentului, pe l\u00e2ng\u0103 \u00eencuviin\u0163area m\u0103surii dispus\u0103 prin decretul preziden\u0163ial, s\u0103 includ\u0103 \u0219i alte m\u0103suri\/condi\u021bii, unele, de o m\u0103re\u0163ie de necontestat. De exemplu parlamentarii vor ca drepturile s\u0103 ne fie restr\u00e2nse numai prin lege \u0219i numai din cauza Covid 19, ca Guvernul s\u0103 raporteze Parlamentului ce decizii ia, iar la finalul st\u0103rii de urgen\u021b\u0103 Curtea de Conturi s\u0103-\u0219i fac\u0103 treaba \u0219i s\u0103 verifice toate achizi\u021biile f\u0103cute \u00een aceast\u0103 perioad\u0103.   Cu alte cuvinte, Parlamentul se face c\u0103 lucreaz\u0103 ad\u0103ug\u00e2nd inutil (\u0219i neconstitu\u021bional) \u00een lege prevederea c\u0103 guvernul \u0219i institu\u021biile statului trebuie s\u0103&#8230; respecte legile <\/p>\n\n\n\n<p>APADOR-CH&nbsp; atrage aten\u0163ia c\u0103 aceast\u0103 tem\u0103, compus\u0103 dintr-un suspect amestec de exces de zel \u015fi de bune inten\u0163ii din partea unor parlamentari, este o tem\u0103 fals\u0103, \u00eentruc\u00e2t, potrivit art. 93 al. 1 din Constitu\u0163ie, Parlamentul nu poate, prin respectiva hot\u0103r\u00e2re, dec\u00e2t s\u0103 \u00eencuviin\u0163eze sau nu decretul preziden\u0163ial. Constitu\u021bia nu prevede c\u0103 Parlamentul poate adopta \u015fi alte m\u0103suri prin acea hot\u0103r\u00e2re, ci numai s\u0103 \u00eencuviin\u021beze sau nu m\u0103sura dispus\u0103 de pre\u0219edinte.<\/p>\n\n\n\n<p><strong>Cu alte cuvinte, tot ce va con\u0163ine \u00een plus hot\u0103r\u00e2rea, \u00een afar\u0103 de \u00eencuviin\u0163area (sau nu) a m\u0103surii dispus\u0103 prin decretul preziden\u0163ial, este neconstitu\u0163ional<\/strong>. <\/p>\n\n\n\n<p>Potrivit\nart. 27 al. 1 din Legea nr. 47\/1992 privind Curtea Constitu\u0163ional\u0103, respectiva\nhot\u0103r\u00e2re a Parlamentului va putea fi atacat\u0103 la Curtea Constitu\u0163ional\u0103, pentru\ntot ceea ce excede \u00eencuviin\u0163area sau nu a m\u0103surii dispuse prin decretul\npreziden\u0163ial, la sesizarea unuia dintre pre\u0219edin\u021bii celor dou\u0103 Camere, a unui\ngrup parlamentar sau a unui num\u0103r de cel pu\u021bin 50 de deputa\u021bi sau de cel pu\u021bin\n25 de senatori.<\/p>\n\n\n\n<p>APADOR-CH face un apel la parlamentari ca \u00een aceast\u0103 perioad\u0103, cu problemele serioase aduse de pandemie, s\u0103 renun\u0163e la orice spectacol politicianist \u015fi s\u0103 adopte m\u0103surile rezonabile \u015fi ra\u0163ionale, \u00een limitele prev\u0103zute de Constitu\u0163ie. Altfel, politica, \u00een special de acest tip, va deveni o ocupa\u0163ie din ce \u00een ce mai inutil\u0103.<\/p>\n\n\n\n<p>Nici Parlamentul nu este deasupra Constitu\u021biei.<\/p>\n","protected":false},"excerpt":{"rendered":"<p>APADOR-CH atrage aten\u0163ia c\u0103 este neconstitu\u0163ional\u0103 o hot\u0103r\u00e2re a Parlamentului care con\u0163ine \u015fi alte prevederi, \u00een afar\u0103 de \u00eencuviin\u0163area sau respingerea m\u0103surii de prelungire a st\u0103rii de urgen\u0163\u0103 dispus\u0103 prin decret preziden\u0163ial <\/p>\n","protected":false},"author":2,"featured_media":7349,"comment_status":"closed","ping_status":"open","sticky":false,"template":"","format":"standard","meta":{"footnotes":""},"categories":[5,29,939],"tags":[942,980,130,920],"class_list":["post-7609","post","type-post","status-publish","format-standard","has-post-thumbnail","hentry","category-buna-guvernare","category-comunicate","category-covid-19","tag-covid-19","tag-lege-aprobare-stare-de-urgenta","tag-parlament","tag-stare-de-urgenta"],"_links":{"self":[{"href":"https:\/\/apador.org\/en\/wp-json\/wp\/v2\/posts\/7609","targetHints":{"allow":["GET"]}}],"collection":[{"href":"https:\/\/apador.org\/en\/wp-json\/wp\/v2\/posts"}],"about":[{"href":"https:\/\/apador.org\/en\/wp-json\/wp\/v2\/types\/post"}],"author":[{"embeddable":true,"href":"https:\/\/apador.org\/en\/wp-json\/wp\/v2\/users\/2"}],"replies":[{"embeddable":true,"href":"https:\/\/apador.org\/en\/wp-json\/wp\/v2\/comments?post=7609"}],"version-history":[{"count":0,"href":"https:\/\/apador.org\/en\/wp-json\/wp\/v2\/posts\/7609\/revisions"}],"wp:featuredmedia":[{"embeddable":true,"href":"https:\/\/apador.org\/en\/wp-json\/wp\/v2\/media\/7349"}],"wp:attachment":[{"href":"https:\/\/apador.org\/en\/wp-json\/wp\/v2\/media?parent=7609"}],"wp:term":[{"taxonomy":"category","embeddable":true,"href":"https:\/\/apador.org\/en\/wp-json\/wp\/v2\/categories?post=7609"},{"taxonomy":"post_tag","embeddable":true,"href":"https:\/\/apador.org\/en\/wp-json\/wp\/v2\/tags?post=7609"}],"curies":[{"name":"wp","href":"https:\/\/api.w.org\/{rel}","templated":true}]}}