{"id":7633,"date":"2020-04-22T14:23:57","date_gmt":"2020-04-22T12:23:57","guid":{"rendered":"https:\/\/www.apador.org\/?p=7633"},"modified":"2020-05-04T12:10:22","modified_gmt":"2020-05-04T10:10:22","slug":"politia-are-nevoie-de-arme-noi-dar-nu-de-foc","status":"publish","type":"post","link":"https:\/\/apador.org\/en\/politia-are-nevoie-de-arme-noi-dar-nu-de-foc\/","title":{"rendered":"Poli\u021bia are nevoie de arme noi. Dar nu de foc"},"content":{"rendered":"<p><\/p>\r\n\r\n\r\n\r\n<h3 class=\"wp-block-heading\"><em>APADOR-CH reitereaz\u0103 necesitatea dot\u0103rii poli\u021bi\u0219tilor cu camere video \u0219i tasere, precum \u0219i instruirea lor periodic\u0103, pentru a pre\u00eent\u00e2mpina conflicte sociale ce s-ar putea solda cu victime de ambele p\u0103r\u021bi \u2013 poli\u021bi\u0219ti \u0219i cet\u0103\u021beni<\/em><\/h3>\r\n\r\n\r\n\r\n<p>Un om a fost \u00eempu\u0219cat mortal de poli\u021bie \u00een sectorul 1 al Capitalei, \u00een urma unui episod agresiv, \u00een care ar fi r\u0103nit la r\u00e2ndul s\u0103u doi poli\u021bi\u0219ti. \u00cencerc\u00e2nd s\u0103 motiveze situa\u021bia, secretarul de stat din MAI, Bogdan Despescu, a declarat c\u0103 activitatea poli\u021biei nu are drept scop suprimarea vie\u021bii cet\u0103\u021benilor, dar c\u0103 atunci c\u00e2nd sunt puse \u00een pericol vie\u021bile cet\u0103\u021benilor \u0219i ale poli\u021bi\u0219tilor, ace\u0219tia din urm\u0103 nu ezit\u0103 s\u0103 foloseasc\u0103 \u201e<a href=\"https:\/\/www.agerpres.ro\/justitie\/2020\/04\/22\/video-despescu-cand-un-cetatean-sau-un-politist-este-atacat-nu-vom-ezita-sa-folosim-mijloacele-din-dotare--491076\" target=\"_blank\" rel=\"noreferrer noopener\">toate mijloacele din dotare<\/a>\u201d.<\/p>\r\n\r\n\r\n\r\n<p>\u00cen acela\u0219i timp, \u00eens\u0103, poli\u021bia s-a ar\u0103tat neputincioas\u0103 \u00een aplanarea unor conflicte publice violente, izbucnite tot \u00een aceast\u0103 perioad\u0103 \u00een diverse p\u0103r\u021bi ale \u021b\u0103rii \u0219i \u00een Bucure\u0219ti, pe fondul consumului de alcool sau a nemul\u021bumirilor generate de m\u0103surile de izolare. \u0218i acolo au fost agresa\u021bi poli\u021bi\u0219ti, dar nu s-a f\u0103cut uz de arme, for\u021bele speciale reu\u0219ind \u00een cele din urm\u0103 s\u0103 opereze arest\u0103ri \u0219i s\u0103 calmeze situa\u021bia.<\/p>\r\n\r\n\r\n\r\n<p>A\u0219adar, cel pu\u021bin unele segmente ale poli\u021biei (respectiv for\u021bele speciale) \u0219tiu \u0219i reu\u0219esc s\u0103 impun\u0103 legea f\u0103r\u0103 violen\u021b\u0103 \u0219i f\u0103r\u0103 s\u0103 scoat\u0103 arma din toc. Poate pentru c\u0103 se \u0219tie c\u0103 sunt \u0219i foarte bine antrenate. \u00cens\u0103 incidentele din ultima perioad\u0103 arat\u0103, \u00eenc\u0103 o dat\u0103, hibele vechi de care sufer\u0103 sistemul de ordine public\u0103, subfinan\u021bat \u0219i lipsit de o viziune managerial\u0103 modern\u0103.<\/p>\r\n\r\n\r\n\r\n<p>O serie de avertizori de integritate au semnalat \u00een c\u00e2teva r\u00e2nduri lipsa de instruire, de personal \u0219i de dot\u0103ri cu care se confrunt\u0103 Poli\u021bia Rom\u00e2n\u0103. Poli\u021bi\u0219tii sunt trimi\u0219i \u00een misiuni de men\u021binere a ordinii publice cu bastonul, pistolul \u0219i chitan\u021bierul de amenzi, \u0219i l\u0103sa\u021bi s\u0103 se descurce cum pot \u00een fa\u021ba diverselor situa\u021bii din teren. Unii abuzeaz\u0103 de amenzi, al\u021bii de pumni, unii trag, al\u021bii se retrag. Lipsi\u021bi de o preg\u0103tire tehnic\u0103 \u0219i psihologic\u0103 corespunz\u0103toare, de instrumente de lucru moderne, cum ar fi taserele \u0219i camerele video, poli\u021bi\u0219tii rom\u00e2ni sunt l\u0103sa\u021bi s\u0103 se lupte de capul lor, cu arme din secolul trecut, \u00eentr-o lume \u00een continu\u0103 schimbare.<\/p>\r\n\r\n\r\n\r\n<p>Din statistici, nu se poate spune c\u0103 poli\u021bi\u0219tii rom\u00e2ni abuzeaz\u0103 de armele de foc, ci c\u0103 <strong>nu sunt instrui\u021bi despre cum s\u0103 nu le foloseasc\u0103<\/strong>. \u00cen ultimii ani, din folosirea cu inten\u021bie sau din gre\u0219eal\u0103 a armelor de c\u0103tre poli\u021bie, au rezultat mai multe victime colaterale. Conform statisticilor furnizate de IGPR anul trecut, media folosirii armelor de foc \u00een Rom\u00e2nia, \u00een ultimii patru ani, a fost de cinci ori pe lun\u0103. Din care au rezultat totu\u0219i&nbsp;<a href=\"http:\/\/www.apador.org\/wp-content\/uploads\/2019\/02\/Raspuns-Politie-Teasere-aprilie-2018.pdf\" target=\"_blank\" rel=\"noreferrer noopener\">trei mor\u021bi \u0219i 31 de r\u0103ni\u021b<\/a>i.<\/p>\r\n\r\n\r\n\r\n<p>Din statistici s-a v\u0103zut c\u0103 nu for\u021bele speciale folosesc mai mult pistolul, de\u0219i ele sunt cele mai preg\u0103tite s\u0103 o fac\u0103, ci poli\u021bi\u0219tii de la ordine public\u0103 \u0219i rutier, adic\u0103 exact cei care ar trebui s\u0103 le foloseasc\u0103 cel mai pu\u021bin.<\/p>\r\n\r\n\r\n\r\n<figure class=\"wp-block-table\"><table><tbody><tr><td><strong>Uz de arm\u0103 poli\u021bi\u0219ti<\/strong><\/td><td><strong>2015<\/strong><\/td><td><strong>2016<\/strong><\/td><td><strong>2017<\/strong><\/td><td><strong>2018<\/strong><\/td><\/tr><tr><td>Poli\u021bi\u0219ti din for\u021bele speciale de interven\u021bie<\/td><td>0<\/td><td>3<\/td><td>1<\/td><td>1<\/td><\/tr><tr><td>Poli\u021bi\u0219ti rutieri<\/td><td>7<\/td><td>8<\/td><td>6<\/td><td>19<\/td><\/tr><tr><td>Poli\u021bi\u0219ti din cadrul altor structuri ale Poli\u021biei Rom\u00e2ne<\/td><td>43<\/td><td>48<\/td><td>57<\/td><td>41<\/td><\/tr><\/tbody><\/table><figcaption>(sursa IGPR 2019)<br \/><\/figcaption><\/figure>\r\n\r\n\r\n\r\n<p class=\"has-background has-very-light-gray-background-color\"><strong><a rel=\"noreferrer noopener\" href=\"https:\/\/www.apador.org\/apador-ch-cere-modifcarea-legii-politiei-si-a-armelor-de-foc\/\" target=\"_blank\">APADOR-CH a atras aten\u021bia<\/a> de fiecare dat\u0103 asupra acelora\u0219i probleme din activitatea poli\u021biei, cer\u00e2nd modificarea legii \u0219i dotarea corespunz\u0103toare. Nu am cerut nici atunci, nu o facem nici acum, dezarmarea \u00eentregii poli\u021bii, ci doar a acelor segmente c\u0103rora le-ar folosi mai mult camera video \u0219i taserul dec\u00e2t un pistol vechi, care produce mai mult\u0103 dram\u0103 dec\u00e2t ordine.<\/strong><\/p>\r\n\r\n\r\n\r\n<p>\u00cen cadrul unei vizite de lucru organizat\u0103 \u00een 2019, de APADOR-CH, la Bristol, poli\u021bi\u0219ti rom\u00e2ni au putut s\u0103 vad\u0103 personal <a href=\"https:\/\/www.apador.org\/blog\/politia-viitorului-si-justitia-facuta-de-profani-i\/\" target=\"_blank\" rel=\"noreferrer noopener\">cum func\u021bioneaz\u0103 o poli\u021bie modern\u0103<\/a> cu astfel de mijloace, lipsit\u0103 de arme de foc.<\/p>\r\n\r\n\r\n\r\n<p>Camerele video la purt\u0103tor \u0219i-au demonstrat utilitatea \u00een \u021b\u0103rile civilizate, at\u00e2t \u00een combaterea corup\u021biei poli\u021biei, c\u00e2t \u0219i \u00een pre\u00eent\u00e2mpinarea abuzurilor. Taserele, de asemenea, de\u0219i pot provoca \u0219i ele accidente mortale, o fac \u00eentr-o propor\u021bie mult mai mic\u0103 comparativ cu armele de foc. Aceste dou\u0103 \u201earme\u201d moderne ale poli\u021bi\u0219tilor din statele civilizate protejeaz\u0103 deopotriv\u0103 poli\u021bistul \u0219i cet\u0103\u021beanul. Dac\u0103 se dore\u0219te, totu\u0219i, ca pistolul s\u0103 r\u0103m\u00e2n\u0103 \u00een dotarea poli\u021bi\u0219tilor, taserul ar putea fi introdus ca o a doua arm\u0103, neletal\u0103. Ideea nu este de a dezarma poli\u021bia, ci de a-i oferi c\u00e2t mai multe mijloace de ac\u021biune \u0219i r\u0103spuns adecvat fiec\u0103rei situa\u021bii \u00een parte.<\/p>\r\n\r\n\r\n\r\n<p><strong>APADOR-CH solicit\u0103 efectuarea unei anchete temeinice \u00een cazul b\u0103rbatului \u00eempu\u0219cat \u00een sectorul 1 \u0219i  face \u00eenc\u0103 o dat\u0103 apel la autorit\u0103\u021bi s\u0103 aloce resursele necesare moderniz\u0103rii \u0219i profesionaliz\u0103rii poli\u021biei, prin dot\u0103ri \u0219i instruire corespunz\u0103toare.<\/strong> Perioada dificil\u0103 pe care o travers\u0103m ne arat\u0103 c\u0103 societatea are nevoie de o poli\u021bie bine instruit\u0103, echipat\u0103 \u0219i empatic\u0103.<\/p>\r\n\r\n\r\n\r\n<a href=\"https:\/\/www.apador.org\/apador-ch-cere-modifcarea-legii-politiei-si-a-armelor-de-foc\/\" class=\"su-button su-button-style-default su-button-wide\" style=\"color:#324645;background-color:#fdd906;border-color:#cbae05;border-radius:7px\" target=\"_blank\" rel=\"noopener noreferrer\" title=\"Cite\u0219te \u0219i APADOR-CH cere modificarea legii poli\u021biei \u0219i a armelor de foc\"><span style=\"color:#324645;padding:7px 20px;font-size:16px;line-height:24px;border-color:#fee551;border-radius:7px;text-shadow:none\"><i class=\"sui sui-hand-o-right\" style=\"font-size:16px;color:#FFFFFF\"><\/i> Cite\u0219te \u0219i APADOR-CH cere modificarea legii poli\u021biei \u0219i a armelor de foc<\/span><\/a>\r\n\r\n\r\n\r\n<a href=\"https:\/\/www.apador.org\/blog\/politia-viitorului-si-justitia-facuta-de-profani-i\/\" class=\"su-button su-button-style-default su-button-wide\" style=\"color:#324645;background-color:#067efd;border-color:#0565cb;border-radius:7px\" target=\"_blank\" rel=\"noopener noreferrer\" title=\"Cite\u0219te \u0219i cum func\u021bioneaz\u0103 poli\u021bia din Bristol\"><span style=\"color:#324645;padding:7px 20px;font-size:16px;line-height:24px;border-color:#51a5fe;border-radius:7px;text-shadow:none\"><i class=\"sui sui-hand-o-right\" style=\"font-size:16px;color:#FFFFFF\"><\/i> Cite\u0219te \u0219i cum func\u021bioneaz\u0103 poli\u021bia din Bristol<\/span><\/a>","protected":false},"excerpt":{"rendered":"<p>APADOR-CH reitereaz\u0103 necesitatea dot\u0103rii poli\u021bi\u0219tilor cu camere video \u0219i tasere, precum \u0219i instruirea lor periodic\u0103, pentru a pre\u00eent\u00e2mpina conflicte sociale ce s-ar putea solda cu victime de ambele p\u0103r\u021bi \u2013 poli\u021bi\u0219ti \u0219i cet\u0103\u021beni<\/p>\n","protected":false},"author":2,"featured_media":6253,"comment_status":"closed","ping_status":"open","sticky":false,"template":"","format":"standard","meta":{"footnotes":""},"categories":[26,5,29,939,81],"tags":[983,802,984,102,803],"class_list":["post-7633","post","type-post","status-publish","format-standard","has-post-thumbnail","hentry","category-abuzuri-ale-fortelor-de-ordine","category-buna-guvernare","category-comunicate","category-covid-19","category-slider","tag-abuz-politie","tag-arme-de-foc","tag-camera-video-politie","tag-impuscat-de-politie","tag-taser"],"_links":{"self":[{"href":"https:\/\/apador.org\/en\/wp-json\/wp\/v2\/posts\/7633","targetHints":{"allow":["GET"]}}],"collection":[{"href":"https:\/\/apador.org\/en\/wp-json\/wp\/v2\/posts"}],"about":[{"href":"https:\/\/apador.org\/en\/wp-json\/wp\/v2\/types\/post"}],"author":[{"embeddable":true,"href":"https:\/\/apador.org\/en\/wp-json\/wp\/v2\/users\/2"}],"replies":[{"embeddable":true,"href":"https:\/\/apador.org\/en\/wp-json\/wp\/v2\/comments?post=7633"}],"version-history":[{"count":0,"href":"https:\/\/apador.org\/en\/wp-json\/wp\/v2\/posts\/7633\/revisions"}],"wp:featuredmedia":[{"embeddable":true,"href":"https:\/\/apador.org\/en\/wp-json\/wp\/v2\/media\/6253"}],"wp:attachment":[{"href":"https:\/\/apador.org\/en\/wp-json\/wp\/v2\/media?parent=7633"}],"wp:term":[{"taxonomy":"category","embeddable":true,"href":"https:\/\/apador.org\/en\/wp-json\/wp\/v2\/categories?post=7633"},{"taxonomy":"post_tag","embeddable":true,"href":"https:\/\/apador.org\/en\/wp-json\/wp\/v2\/tags?post=7633"}],"curies":[{"name":"wp","href":"https:\/\/api.w.org\/{rel}","templated":true}]}}