{"id":7803,"date":"2020-05-13T11:54:33","date_gmt":"2020-05-13T09:54:33","guid":{"rendered":"https:\/\/www.apador.org\/?p=7803"},"modified":"2020-05-13T11:54:34","modified_gmt":"2020-05-13T09:54:34","slug":"masuri-de-combaterea-covid-19-in-penitenciarele-din-romania","status":"publish","type":"post","link":"https:\/\/apador.org\/en\/masuri-de-combaterea-covid-19-in-penitenciarele-din-romania\/","title":{"rendered":"M\u0103suri de combaterea Covid 19 \u00een penitenciarele din Rom\u00e2nia"},"content":{"rendered":"\n<h3 class=\"wp-block-heading\"><em>R\u0103spunsurile Administra\u021biei Na\u021bionale a Penitenciarelor la \u00eentreb\u0103rile APADOR-CH privind gestionarea sistemului de executare a pedepselor privative de libertate \u00een perioada pandemiei de Covid 19<\/em><\/h3>\n\n\n\n<p><\/p>\n\n\n\n<p>APADOR-CH a transmis Administra\u021biei Na\u021bionale a Penitenciarelor <a rel=\"noreferrer noopener\" href=\"https:\/\/www.apador.org\/wp-content\/uploads\/2020\/05\/Solicitare-544-ANP-.pdf\" target=\"_blank\">un set de \u00eentreb\u0103ri<\/a>, \u00een virtutea Legii 544\/2001, cu privire la modul \u00een care administra\u021bia gestioneaz\u0103 sistemul de executare a pedepselor \u00een perioada pandemiei. <\/p>\n\n\n\n<p>Printre informa\u021biile cerute au fost cele privitoare la<\/p>\n\n\n\n<ul class=\"wp-block-list\"><li>num\u0103rul efectivelor de de\u021binu\u021bi, <\/li><\/ul>\n\n\n\n<ul class=\"wp-block-list\"><li>personalul medical dedicat acestora, <\/li><li>bolile cronice de care sufer\u0103 de\u021binu\u021bii, <\/li><li>care este strategia de combatere a Covid 19 \u00een sistemul penitenciar,<\/li><li>c\u00e2\u021bi de\u021binu\u021bi au fost testa\u021bi pentru aceast\u0103 boal\u0103, <\/li><li>c\u00e2t personal a beneficiat de testare, <\/li><li>c\u00e2te cazuri au fost descoperite \u00een urma test\u0103rilor, <\/li><li>ce m\u0103suri au fost luate \u00een cazul acestora, <\/li><li>dac\u0103 \u0219i c\u00e2\u021bi de\u021binu\u021bi au fost elibera\u021bi \u00een aceast\u0103 perioad\u0103 etc. <\/li><\/ul>\n\n\n\n<p><\/p>\n\n\n\n<p>R\u0103spunsurile primite de la ANP pot fi consultate \u00een <a rel=\"noreferrer noopener\" href=\"https:\/\/www.apador.org\/wp-content\/uploads\/2020\/05\/R\u0103spuns-APADOR-CH-M\u0103suri-COVID-19-sistem-penitenciar-1.pdf\" target=\"_blank\"><strong>acest document<\/strong><\/a>. Din informa\u021biile primite, am aflat c\u0103:<\/p>\n\n\n\n<ul class=\"wp-block-list\"><li><strong>333 de persoane de\u021binute au fost testate<\/strong> pentru Covid 19;<\/li><li><strong>Nicio persoan\u0103 de\u021binut\u0103 nu a fost infectat\u0103 cu Covid 19<\/strong>, de\u0219i \u00een cazul a dou\u0103 persoane ini\u021bial testele au ie\u0219it pozitive, dar au fost repetate \u0219i au ie\u0219it negative de dou\u0103 ori ulterior;<\/li><li><strong>558 de poli\u021bi\u0219ti de penitenciar au fost testa\u021bi pentru Covid 19<\/strong>. Cei mai mul\u021bi la <strong>Bucure\u0219ti-Jilava \u0219i la Penitenciarul Dej<\/strong>;<\/li><li>La data formul\u0103rii r\u0103spunsului (7 mai 2020) erau confirmate ca <strong>infectate cu Covid 19 22 de cadre de penitenciar<\/strong>. Cele mai multe la Penitenciarul Jilava;<\/li><li>Niciun poli\u021bist de penitenciar confirmat cu Covid 19 nu s-a mai prezentat la lucru dup\u0103 confirmarea bolii<\/li><\/ul>\n\n\n\n<p><\/p>\n\n\n\n<a href=\"https:\/\/www.apador.org\/wp-content\/uploads\/2020\/05\/R%C4%83spuns-APADOR-CH-M%C4%83suri-COVID-19-sistem-penitenciar-1.pdf\" class=\"su-button su-button-style-default su-button-wide\" style=\"color:#324645;background-color:#cdd4db;border-color:#a4aab0;border-radius:7px\" target=\"_blank\" rel=\"noopener noreferrer\" title=\"Citi\u021bi documentul cu r\u0103spunsurile ANP integral \"><span style=\"color:#324645;padding:7px 20px;font-size:16px;line-height:24px;border-color:#dce1e6;border-radius:7px;text-shadow:none\"><i class=\"sui sui-hand-o-right\" style=\"font-size:16px;color:#FFFFFF\"><\/i> Citi\u021bi documentul cu r\u0103spunsurile ANP integral <\/span><\/a>\n","protected":false},"excerpt":{"rendered":"<p>R\u0103spunsurile ANP la \u00eentreb\u0103rile APADOR-CH privind gestionarea sistemului de executare a pedepselor privative de libertate \u00een perioada pandemiei de Covid 19<\/p>\n","protected":false},"author":2,"featured_media":3236,"comment_status":"closed","ping_status":"open","sticky":false,"template":"","format":"standard","meta":{"footnotes":""},"categories":[5,939],"tags":[468,1006,942,154,921,57],"class_list":["post-7803","post","type-post","status-publish","format-standard","has-post-thumbnail","hentry","category-buna-guvernare","category-covid-19","tag-administratia-nationala-a-penitenciarelor","tag-anp","tag-covid-19","tag-detinuti","tag-pandemie","tag-penitenciare"],"_links":{"self":[{"href":"https:\/\/apador.org\/en\/wp-json\/wp\/v2\/posts\/7803","targetHints":{"allow":["GET"]}}],"collection":[{"href":"https:\/\/apador.org\/en\/wp-json\/wp\/v2\/posts"}],"about":[{"href":"https:\/\/apador.org\/en\/wp-json\/wp\/v2\/types\/post"}],"author":[{"embeddable":true,"href":"https:\/\/apador.org\/en\/wp-json\/wp\/v2\/users\/2"}],"replies":[{"embeddable":true,"href":"https:\/\/apador.org\/en\/wp-json\/wp\/v2\/comments?post=7803"}],"version-history":[{"count":0,"href":"https:\/\/apador.org\/en\/wp-json\/wp\/v2\/posts\/7803\/revisions"}],"wp:featuredmedia":[{"embeddable":true,"href":"https:\/\/apador.org\/en\/wp-json\/wp\/v2\/media\/3236"}],"wp:attachment":[{"href":"https:\/\/apador.org\/en\/wp-json\/wp\/v2\/media?parent=7803"}],"wp:term":[{"taxonomy":"category","embeddable":true,"href":"https:\/\/apador.org\/en\/wp-json\/wp\/v2\/categories?post=7803"},{"taxonomy":"post_tag","embeddable":true,"href":"https:\/\/apador.org\/en\/wp-json\/wp\/v2\/tags?post=7803"}],"curies":[{"name":"wp","href":"https:\/\/api.w.org\/{rel}","templated":true}]}}