{"id":7817,"date":"2020-05-14T14:34:20","date_gmt":"2020-05-14T12:34:20","guid":{"rendered":"https:\/\/www.apador.org\/?p=7817"},"modified":"2020-05-27T17:06:43","modified_gmt":"2020-05-27T15:06:43","slug":"proiectul-de-modificare-a-statutului-politistului-retras-de-la-senat-dupa-sesizarea-apador-ch","status":"publish","type":"post","link":"https:\/\/apador.org\/en\/proiectul-de-modificare-a-statutului-politistului-retras-de-la-senat-dupa-sesizarea-apador-ch\/","title":{"rendered":"Proiectul de modificare a statutului poli\u021bistului, retras de la Senat, dup\u0103 sesizarea APADOR-CH"},"content":{"rendered":"\n<h3 class=\"wp-block-heading\"><em>Senatorii PSD care voiau s\u0103 fac\u0103 abuzurile poli\u021bi\u0219tilor mai greu de probat \u0219i-au retras proiectul de modificare a Legii 360\/2002, privind statutul poli\u021bistului<\/em>, <em>dup\u0103 interven\u021bia APADOR-CH <\/em><\/h3>\n\n\n\n<p><\/p>\n\n\n\n<p>APADOR-CH a atras aten\u021bia, la \u00eenceputul lunii mai, asupra inten\u021biei de modificare a Legii 360\/2002, privind statutul poli\u021bistului, care con\u021bine unele prevederi bune, dar \u0219i una problematic\u0103, de natur\u0103 s\u0103 \u00eengreuneze posibilitatea de a mai proba eventualele abuzuri s\u0103v\u00e2r\u0219ite de poli\u021bi\u0219ti &#8211; prin eliminarea elementelor foto \u0219i video dintre mijloacele de prob\u0103. <\/p>\n\n\n\n<p>La <a rel=\"noreferrer noopener\" href=\"https:\/\/www.apador.org\/parlamentul-vrea-sa-faca-abuzurile-politiei-mai-greu-de-probat\/\" target=\"_blank\"><strong>demersul APADOR-CH<\/strong><\/a> s-au al\u0103turat mai multe organiza\u021bii neguvernamentale \u0219i \u00eempreun\u0103 am transmis Parlamentului o serie de propuneri de \u00eembun\u0103t\u0103\u021bire a proiectului, precum \u0219i solicitarea de a se renun\u021ba la prevederea prin care se eliminau probele video \u0219i audio.  <\/p>\n\n\n\n<p>Reac\u021biile ini\u021biatorilor proiectului nu au \u00eent\u00e2rziat s\u0103 apar\u0103, ei <a rel=\"noreferrer noopener\" href=\"https:\/\/www.libertatea.ro\/stiri\/florin-iordache-propunere-probe-foto-si-video-politisti-2984006?fbclid=IwAR1DwJRI2acO4g1OGiZ3zcIlHVTgbg0RHTnQbo9tH490zpCm7P8rtnxxAds\" target=\"_blank\">declar\u00e2nd presei<\/a> c\u0103 eliminarea probelor video ar fi fost o sc\u0103pare \u0219i c\u0103 va fi<em> remediat\u0103<\/em>. Pentru o verificare oficial\u0103, APADOR-CH a transmis <a rel=\"noreferrer noopener\" href=\"https:\/\/www.apador.org\/wp-content\/uploads\/2020\/05\/Cerere-544-retragere-proiect-legea-politistului.pdf\" target=\"_blank\">o solicitare Parlamentulu<\/a>i, conform Legii 544\/2001, cer\u00e2nd o actualizare a stadiului proiectului de lege \u00een discu\u021bie. <\/p>\n\n\n\n<p>\u00cen r\u0103spunsul primit azi de la Senat, se spune c\u0103 ini\u021biatorii au preferat s\u0103-\u0219i <em>retrag\u0103<\/em> complet proiectul, la data de 11 mai 2020, de\u0219i ar fi avut posibilitatea s\u0103-l corecteze \u0219i s\u0103-l completeze cu propunerile venite dinspre societatea civil\u0103, \u00eentruc\u00e2t unele dintre prevederi sunt de un real folos \u00een munca poli\u021bi\u0219tilor: cum ar fi m\u0103surile ce se refer\u0103 la drepturile b\u0103ne\u0219ti ale poli\u021bi\u0219tilor, dotarea cu bodycams sau punerea statutului poli\u021bi\u0219tilor \u00een acord cu legea avertizorilor de integritate, astfel \u00eenc\u00e2t acei poli\u021bi\u0219ti care atrag aten\u021bia public asupra disfunc\u021bionalit\u0103\u021bilor din sistem s\u0103 nu fie pedepsi\u021bi sau concedia\u021bi abuziv.<\/p>\n\n\n\n<p>S\u0103 sper\u0103m c\u0103 retragerea proiectului nu \u00eenseamn\u0103 anularea, ci \u00eembun\u0103t\u0103\u021birea lui, \u00eentr-un viitor apropiat.<\/p>\n\n\n\n<a href=\"https:\/\/www.apador.org\/wp-content\/uploads\/2020\/05\/APADOR-CH-raspuns-senat-legea-politistului.pdf\" class=\"su-button su-button-style-default su-button-wide\" style=\"color:#324645;background-color:#ffa602;border-color:#cc8502;border-radius:7px\" target=\"_blank\" rel=\"noopener noreferrer\" title=\"Citi\u021bi r\u0103spunsul primit de APADOR-CH de la Senat\"><span style=\"color:#324645;padding:7px 20px;font-size:16px;line-height:24px;border-color:#ffc14e;border-radius:7px;text-shadow:none\"><i class=\"sui sui-hand-o-right\" style=\"font-size:16px;color:#FFFFFF\"><\/i> Citi\u021bi r\u0103spunsul primit de APADOR-CH de la Senat <\/span><\/a>\n","protected":false},"excerpt":{"rendered":"<p>Senatorii PSD care voiau s\u0103 fac\u0103 abuzurile poli\u021bi\u0219tilor mai greu de probat \u0219i-au retras proiectul de modificare a Legii 360\/2002, privind statutul poli\u021bistului, dup\u0103 interven\u021bia APADOR-CH <\/p>\n","protected":false},"author":2,"featured_media":6231,"comment_status":"closed","ping_status":"open","sticky":false,"template":"","format":"standard","meta":{"footnotes":""},"categories":[5,29,81],"tags":[39,998,1007,672],"class_list":["post-7817","post","type-post","status-publish","format-standard","has-post-thumbnail","hentry","category-buna-guvernare","category-comunicate","category-slider","tag-abuzuri-politie","tag-bodycam-politisti","tag-probe-video-abuz-politie","tag-statutul-politistului"],"_links":{"self":[{"href":"https:\/\/apador.org\/en\/wp-json\/wp\/v2\/posts\/7817","targetHints":{"allow":["GET"]}}],"collection":[{"href":"https:\/\/apador.org\/en\/wp-json\/wp\/v2\/posts"}],"about":[{"href":"https:\/\/apador.org\/en\/wp-json\/wp\/v2\/types\/post"}],"author":[{"embeddable":true,"href":"https:\/\/apador.org\/en\/wp-json\/wp\/v2\/users\/2"}],"replies":[{"embeddable":true,"href":"https:\/\/apador.org\/en\/wp-json\/wp\/v2\/comments?post=7817"}],"version-history":[{"count":0,"href":"https:\/\/apador.org\/en\/wp-json\/wp\/v2\/posts\/7817\/revisions"}],"wp:featuredmedia":[{"embeddable":true,"href":"https:\/\/apador.org\/en\/wp-json\/wp\/v2\/media\/6231"}],"wp:attachment":[{"href":"https:\/\/apador.org\/en\/wp-json\/wp\/v2\/media?parent=7817"}],"wp:term":[{"taxonomy":"category","embeddable":true,"href":"https:\/\/apador.org\/en\/wp-json\/wp\/v2\/categories?post=7817"},{"taxonomy":"post_tag","embeddable":true,"href":"https:\/\/apador.org\/en\/wp-json\/wp\/v2\/tags?post=7817"}],"curies":[{"name":"wp","href":"https:\/\/api.w.org\/{rel}","templated":true}]}}