{"id":9322,"date":"2020-10-08T16:41:26","date_gmt":"2020-10-08T14:41:26","guid":{"rendered":"https:\/\/apador.org\/?p=9322"},"modified":"2021-01-05T15:54:47","modified_gmt":"2021-01-05T13:54:47","slug":"cerem-destituirea-politistului-sef-care-sperie-copiii-in-curtea-scolii-din-constanta","status":"publish","type":"post","link":"https:\/\/apador.org\/en\/cerem-destituirea-politistului-sef-care-sperie-copiii-in-curtea-scolii-din-constanta\/","title":{"rendered":"Cerem destituirea poli\u021bistului \u0219ef care sperie copiii \u00een curtea \u0219colii din Constan\u021ba"},"content":{"rendered":"<p class=\"qtranxs-available-languages-message qtranxs-available-languages-message-en\">Sorry, this entry is only available in <a href=\"https:\/\/apador.org\/ro\/wp-json\/wp\/v2\/posts\/9322\" class=\"qtranxs-available-language-link qtranxs-available-language-link-ro\" title=\"Rom\u00e2n\u0103\">Rom\u00e2n\u0103<\/a>. For the sake of viewer convenience, the content is shown below in the alternative language. You may click the link to switch the active language.<\/p><p style=\"text-align: justify;\">Cazul celor opt liceeni din Constan\u021ba, ridica\u021bi de poli\u021bie doar pentru c\u0103 st\u0103teau pe banc\u0103 \u00een curtea fostei lor \u0219coli generale, a devenit un <a href=\"https:\/\/pressone.ro\/din-invataturile-politiei-romane-catre-adolescentii-rebeli-prinsi-in-curtea-unei-scoli-din-constanta\" target=\"_blank\" rel=\"noopener noreferrer\">subiect de pres\u0103<\/a> \u00een ultimele zile, dar, deocamdat\u0103, nu \u0219i unul de analiz\u0103 institu\u021bional\u0103 \u00een s\u00e2nul poli\u021biei, a\u0219a cum ar fi trebuit. \u00centruc\u00e2t \u00eent\u00e2mplarea ilustreaz\u0103 perfect o situa\u021bie incomplet reglementat\u0103, existent\u0103 de mul\u021bi ani \u00een legisla\u021bia noastr\u0103, \u0219i de care APADOR-CH s-a ocupat \u00een multe r\u00e2nduri &#8211; <a href=\"https:\/\/apador.org\/cum-au-reusit-deputatii-sa-legifereze-privarea-de-libertate-pe-durata-nedeterminata\/\" target=\"_blank\" rel=\"noopener\">conducerea administrativ\u0103 la sec\u021bia de poli\u021bie<\/a> &#8211; am decis s\u0103 transmitem azi o sesizare c\u0103tre Direc\u021bia Control Intern a IGPR, prin care cerem luarea unor m\u0103suri interne care s\u0103 educe poli\u021bi\u0219tii \u0219i s\u0103 previn\u0103 poten\u021biale cazuri similare pe viitor.<\/p>\n<p style=\"text-align: justify;\">Pentru cine nu cunoa\u0219te detaliile \u00eent\u00e2mpl\u0103rii, opt tineri liceeni din Constan\u021ba au fost ridica\u021bi din curtea \u0218colii nr.29 de o echip\u0103 de poli\u021bie, du\u0219i la sec\u021bie \u0219i amenda\u021bi cu c\u00e2te 2.500 de lei, pe motiv c\u0103 astfel li s-a dat o lec\u021bie \u0219i au fost \u00eenv\u0103\u021ba\u021bi ce prevede Legea 61\/1991, a tulbur\u0103rii lini\u0219tii publice. Legea amintit\u0103 spune c\u0103 \u00een curtea unit\u0103\u021bilor de \u00eenv\u0103\u021b\u0103m\u00e2nt nu au voie s\u0103 intre persoane str\u0103ine, iar tinerii se \u00eencadrau \u00een aceast\u0103 categorie de\u0219i \u00eenv\u0103\u021baser\u0103 \u00een respectiva \u0219coal\u0103 \u00eenainte de a intra la liceu \u0219i curtea fostei lor \u0219coli le fusese loc de \u00eent\u00e2lnire de ani de zile.<\/p>\n<p style=\"text-align: justify;\">M\u0103sura ridic\u0103rii cu ma\u015finile de poli\u0163ie a celor opt liceeni \u015fi a transport\u0103rii lor la sec\u0163ia de poli\u0163ie, unde au fost re\u0163inu\u0163i o perioad\u0103 de timp, prezint\u0103 \u00een mod v\u0103dit indiciile unei conduite abuzive. Aceasta deoarece m\u0103sura conducerii administrative, care este una de o severitate ridicat\u0103, \u00eentruc\u00e2t presupune o privare de libertate, a fost v\u0103dit dispropor\u0163ionat\u0103, fiind aplicat\u0103 unor minori identificabili,\u00a0 care nu tulburaser\u0103 lini\u015ftea public\u0103, care nu se manifestau violent \u015fi care au fost traumatiza\u0163i psihic \u00een urma acestui exces de for\u0163\u0103 din partea poli\u0163iei.<\/p>\n<p style=\"text-align: justify;\">Ceea ce iese \u00een eviden\u0163\u0103 \u00een acest caz, \u00eens\u0103, este atitudinea unui poli\u021bist dintre cei care au intervenit la respectivul caz, respectiv acela cu func\u0163ie de comand\u0103. \u00cen mod normal \u015fi legal, poli\u0163istul cu func\u0163ie de comand\u0103 trebuie s\u0103 fie cel care d\u0103 dovad\u0103 de un grad mai ridicat de \u00een\u0163elegere a situa\u021biei din teren \u015fi care trebuie s\u0103 vegheze ca m\u0103surile dispuse s\u0103 fie adecvate situa\u021biei concrete, pentru a nu se ajunge la excese.<\/p>\n<p style=\"text-align: justify;\">De data aceasta, \u00eens\u0103, situa\u0163ia a fost invers\u0103, \u00een sensul c\u0103 poli\u0163i\u015ftii din subordinea \u015fefului lor (denumi\u0163i de cei opt liceeni drept \u201e<em>tinerii poli\u0163i\u015fti<\/em>\u201d) se preg\u0103teau s\u0103 dispun\u0103 ini\u0163ial o m\u0103sur\u0103 propor\u0163ional\u0103 \u015fi rezonabil\u0103 \u00een raport de situa\u0163ia concret\u0103, adic\u0103 aplicarea, pe loc, a unui \u201eavertisment\u201d.<\/p>\n<p style=\"text-align: justify;\">Din p\u0103cate, a intervenit \u015feful acestei echipe de poli\u0163i\u015fti, care a dispus ridicarea copiilor \u015fi conducerea lor la sec\u0163ia de poli\u0163ie, \u00een vederea amend\u0103rii. Din informa\u0163iile existente \u00een spa\u0163iul public, nu rezult\u0103 indicii c\u0103 s-ar fi justificat, \u00een raport de exigen\u0163ele legale, aplicarea m\u0103surii conducerii administrative \u00een acest caz. Nu rezult\u0103 c\u0103 liceenii ar fi refuzat s\u0103 se identifice sau c\u0103 ar fi avut o conduit\u0103 violent\u0103 sau agresiv\u0103. Este o diferen\u0163\u0103 pe care legea o face \u00eentre posibilitatea conducerii unor scandalagii la sec\u0163ie \u015fi imposibilitatea de a conduce la sec\u0163ie persoane identificabile \u015fi care au o conduit\u0103 pa\u015fnic\u0103. Desi legea face aceste diferen\u021be, ele nu au putut fi f\u0103cute tocmai de \u0219eful echipei de poli\u021bisti.<\/p>\n<p style=\"text-align: justify;\">De aceea, solicit\u0103rile APDOR-CH c\u0103tre Direc\u021bia de Control Intern a IGPR sunt urm\u0103toarele:<\/p>\n<ol style=\"text-align: justify;\">\n<li><strong><u>S\u0103 \u00eel identifice pe \u0219eful echipei de poli\u0163i\u015fti,<\/u><\/strong> care a dispus, dac\u0103 nu abuziv, cel pu\u0163in dispropor\u0163ionat, ridicarea \u015fi transportarea (conducerea) celor opt liceeni la sec\u0163ia de poli\u0163ie.<\/li>\n<\/ol>\n<ol style=\"text-align: justify;\" start=\"2\">\n<li><strong><u>S\u0103 declan\u015feze o cercetare disciplinar\u0103 cu privire la faptele comise de \u015feful<\/u><\/strong> <strong><u>echipei de poli\u0163i\u015fti<\/u><\/strong> cu ocazia acelui incident. Este de men\u0163ionat c\u0103 restul poli\u0163i\u015ftilor care au participat la acel incident (\u201e<em>tinerii poli\u0163i\u015fti<\/em>\u201d) nu au ini\u0163iat \u015fi nici nu au sprijinit m\u0103sura conducerii la sec\u021bie dispus\u0103 de \u015feful lor, dar au fost nevoi\u0163i s\u0103 o execute, \u00een baza subordon\u0103rii ierarhice.<\/li>\n<\/ol>\n<ol style=\"text-align: justify;\" start=\"3\">\n<li><strong><u>S\u0103 \u00eenl\u0103ture din orice func\u0163ie de comand\u0103 pe \u015feful echipei de poli\u0163i\u015fti<\/u><\/strong>, \u00eentruc\u00e2t este evident c\u0103 nu de\u0163ine calit\u0103\u0163ile necesare exercit\u0103rii unei func\u0163ii de comand\u0103. Dimpotriv\u0103, men\u0163inerea sa \u00eentr-o func\u0163ie de conducere nu va face dec\u00e2t ca \u015fi tinerii poli\u0163i\u015fti, afla\u0163i \u00een subordinea sa, s\u0103 fie obliga\u0163i s\u0103 aib\u0103 o conduit\u0103 excesiv\u0103, abuziv\u0103. Or, m\u0103car \u00een viitor, formarea poli\u0163i\u015ftilor ar trebui orientat\u0103 spre echilibru \u015fi rezonabilitate, nu spre for\u0163\u0103 excesiv\u0103 \u015fi lips\u0103 de discern\u0103m\u00e2nt.<\/li>\n<\/ol>\n<ol start=\"4\">\n<li style=\"text-align: justify;\"><strong><u>S\u0103 ia m\u0103suri \u00een vederea prelucr\u0103rii, la nivel de \u0163ar\u0103, cu lucr\u0103torii de poli\u0163ie de la <em>ordine public\u0103<\/em>\u00a0a condi\u0163iilor prev\u0103zute de lege pentru dispunerea m\u0103surii conducerii administrative<\/u><\/strong>, \u00eentruc\u00e2t nu \u00een toat\u0103 \u0163ara aceste prevederi legale privind conducerea administrativ\u0103 se aplic\u0103 \u00een mod corect \u015fi unitar. Cel pu\u021bin la Constan\u021ba, nu se aplic\u0103 nici corect si nici unitar.<\/li>\n<\/ol>\n<p>&nbsp;<\/p>\n<a href=\"https:\/\/apador.org\/wp-content\/uploads\/2020\/10\/raspuns-igpr-elevi-constanta.pdf\" class=\"su-button su-button-style-soft su-button-wide\" style=\"color:#324645;background-color:#00b1ec;border-color:#008ebd;border-radius:7px\" target=\"_blank\" rel=\"noopener noreferrer\" title=\"bla\"><span style=\"color:#324645;padding:7px 20px;font-size:16px;line-height:24px;border-color:#4dc9f2;border-radius:7px;text-shadow:none\"><i class=\"sui sui-hand-o-right\" style=\"font-size:16px;color:#FFFFFF\"><\/i> R\u0103spuns de la IGPR &#8211; 20 octombrie 2020<\/span><\/a>\n<p>&nbsp;<\/p>\n<a href=\"https:\/\/apador.org\/wp-content\/uploads\/2020\/10\/raspuns-MAI-CCM-incident-Constanta.pdf\" class=\"su-button su-button-style-soft su-button-wide\" style=\"color:#324645;background-color:#00b1ec;border-color:#008ebd;border-radius:7px\" target=\"_blank\" rel=\"noopener noreferrer\" title=\"bla\"><span style=\"color:#324645;padding:7px 20px;font-size:16px;line-height:24px;border-color:#4dc9f2;border-radius:7px;text-shadow:none\"><i class=\"sui sui-hand-o-right\" style=\"font-size:16px;color:#FFFFFF\"><\/i> R\u0103spunsul MAI &#8211; 5 ianuarie 2021<\/span><\/a>\n<p>&nbsp;","protected":false},"excerpt":{"rendered":"<p class=\"qtranxs-available-languages-message qtranxs-available-languages-message-en\">Sorry, this entry is only available in <a href=\"https:\/\/apador.org\/ro\/wp-json\/wp\/v2\/posts\/9322\" class=\"qtranxs-available-language-link qtranxs-available-language-link-ro\" title=\"Rom\u00e2n\u0103\">Rom\u00e2n\u0103<\/a>. For the sake of viewer convenience, the content is shown below in the alternative language. You may click the link to switch the active language.<\/p>\n<p>men\u0163inerea sa \u00eentr-o func\u0163ie de conducere nu va face dec\u00e2t ca \u015fi tinerii poli\u0163i\u015fti, afla\u0163i \u00een subordinea sa, s\u0103 fie obliga\u0163i s\u0103 aib\u0103 o conduit\u0103 excesiv\u0103, abuziv\u0103. Or, m\u0103car \u00een viitor, formarea poli\u0163i\u015ftilor ar trebui orientat\u0103 spre echilibru \u015fi rezonabilitate, nu spre for\u0163\u0103 excesiv\u0103 \u015fi lips\u0103 de discern\u0103m\u00e2nt.<\/p>\n","protected":false},"author":2,"featured_media":9325,"comment_status":"closed","ping_status":"closed","sticky":false,"template":"","format":"standard","meta":{"footnotes":""},"categories":[5,29,81],"tags":[983,1321,1377,1378,1376],"class_list":["post-9322","post","type-post","status-publish","format-standard","has-post-thumbnail","hentry","category-buna-guvernare","category-comunicate","category-slider","tag-abuz-politie","tag-conducerea-administrativa-la-sectie","tag-curtea-scolii","tag-legea-61-1991","tag-liceeni-constanta"],"_links":{"self":[{"href":"https:\/\/apador.org\/en\/wp-json\/wp\/v2\/posts\/9322","targetHints":{"allow":["GET"]}}],"collection":[{"href":"https:\/\/apador.org\/en\/wp-json\/wp\/v2\/posts"}],"about":[{"href":"https:\/\/apador.org\/en\/wp-json\/wp\/v2\/types\/post"}],"author":[{"embeddable":true,"href":"https:\/\/apador.org\/en\/wp-json\/wp\/v2\/users\/2"}],"replies":[{"embeddable":true,"href":"https:\/\/apador.org\/en\/wp-json\/wp\/v2\/comments?post=9322"}],"version-history":[{"count":2,"href":"https:\/\/apador.org\/en\/wp-json\/wp\/v2\/posts\/9322\/revisions"}],"predecessor-version":[{"id":9528,"href":"https:\/\/apador.org\/en\/wp-json\/wp\/v2\/posts\/9322\/revisions\/9528"}],"wp:featuredmedia":[{"embeddable":true,"href":"https:\/\/apador.org\/en\/wp-json\/wp\/v2\/media\/9325"}],"wp:attachment":[{"href":"https:\/\/apador.org\/en\/wp-json\/wp\/v2\/media?parent=9322"}],"wp:term":[{"taxonomy":"category","embeddable":true,"href":"https:\/\/apador.org\/en\/wp-json\/wp\/v2\/categories?post=9322"},{"taxonomy":"post_tag","embeddable":true,"href":"https:\/\/apador.org\/en\/wp-json\/wp\/v2\/tags?post=9322"}],"curies":[{"name":"wp","href":"https:\/\/api.w.org\/{rel}","templated":true}]}}