{"id":9510,"date":"2020-12-10T15:57:41","date_gmt":"2020-12-10T13:57:41","guid":{"rendered":"https:\/\/apador.org\/?p=9510"},"modified":"2020-12-10T15:57:41","modified_gmt":"2020-12-10T13:57:41","slug":"dreptul-de-a-nu-fi-judecat-sau-pedepsit-de-doua-ori-pentru-aceeasi-fapta","status":"publish","type":"post","link":"https:\/\/apador.org\/en\/dreptul-de-a-nu-fi-judecat-sau-pedepsit-de-doua-ori-pentru-aceeasi-fapta\/","title":{"rendered":"Dreptul de a nu fi judecat sau pedepsit de dou\u0103 ori pentru aceea\u0219i fapt\u0103"},"content":{"rendered":"<p class=\"qtranxs-available-languages-message qtranxs-available-languages-message-en\">Sorry, this entry is only available in <a href=\"https:\/\/apador.org\/ro\/wp-json\/wp\/v2\/posts\/9510\" class=\"qtranxs-available-language-link qtranxs-available-language-link-ro\" title=\"Rom\u00e2n\u0103\">Rom\u00e2n\u0103<\/a>. For the sake of viewer convenience, the content is shown below in the alternative language. You may click the link to switch the active language.<\/p><p style=\"text-align: justify;\"><img loading=\"lazy\" decoding=\"async\" class=\"alignleft size-medium wp-image-4735\" src=\"https:\/\/apador.org\/wp-content\/uploads\/2015\/12\/22_text-page-001-296x300.jpg\" alt=\"\" width=\"296\" height=\"300\" srcset=\"https:\/\/apador.org\/wp-content\/uploads\/2015\/12\/22_text-page-001-296x300.jpg 296w, https:\/\/apador.org\/wp-content\/uploads\/2015\/12\/22_text-page-001-80x80.jpg 80w, https:\/\/apador.org\/wp-content\/uploads\/2015\/12\/22_text-page-001-768x778.jpg 768w, https:\/\/apador.org\/wp-content\/uploads\/2015\/12\/22_text-page-001-1017x1030.jpg 1017w, https:\/\/apador.org\/wp-content\/uploads\/2015\/12\/22_text-page-001-1517x1536.jpg 1517w, https:\/\/apador.org\/wp-content\/uploads\/2015\/12\/22_text-page-001-2023x2048.jpg 2023w, https:\/\/apador.org\/wp-content\/uploads\/2015\/12\/22_text-page-001-36x36.jpg 36w, https:\/\/apador.org\/wp-content\/uploads\/2015\/12\/22_text-page-001-1482x1500.jpg 1482w, https:\/\/apador.org\/wp-content\/uploads\/2015\/12\/22_text-page-001-696x705.jpg 696w, https:\/\/apador.org\/wp-content\/uploads\/2015\/12\/22_text-page-001-790x800.jpg 790w\" sizes=\"auto, (max-width: 296px) 100vw, 296px\" \/><\/p>\n<p>&nbsp;<\/p>\n<p style=\"text-align: justify;\">Dreptul de a nu fi judecat sau pedepsit de dou\u0103 ori pentru aceea\u0219i fapt\u0103 &#8211; Potrivit art. 4 par.1 \u015fi 2 din Protocolul nr. 7 la\u00a0<a href=\"https:\/\/www.echr.coe.int\/documents\/convention_ron.pdf\" target=\"_blank\" rel=\"noopener noreferrer\">Conven\u0163ia European\u0103 a Drepturilor Omului<\/a> nimeni nu poate fi urm\u0103rit sau pedepsit penal de c\u0103tre jurisdic\u0163iile aceluia\u015fi stat pentru s\u0103v\u00e2r\u015firea infrac\u0163iunii pentru care a fost deja achitat sau condamnat printr-o hot\u0103r\u00e2re definitiv\u0103 conform legii \u015fi procedurii penale ale acestui stat. Aceasta nu \u00eempiedic\u0103 redeschiderea procesului conform legii \u015fi procedurii penale a statului respectiv, dac\u0103 fapte noi ori recent descoperite sau un viciu fundamental \u00een cadrul procedurii precedente sunt de natur\u0103 s\u0103 afecteze hot\u0103r\u00e2rea pronun\u0163at\u0103.<br \/>\nArt. 4 par. 3 din Protocolul nr. 7 la Conven\u0163ie prevede c\u0103 nicio derogare de la acest drept nu este permis\u0103, \u00een nicio situa\u0163ie.<\/p>","protected":false},"excerpt":{"rendered":"<p class=\"qtranxs-available-languages-message qtranxs-available-languages-message-en\">Sorry, this entry is only available in <a href=\"https:\/\/apador.org\/ro\/wp-json\/wp\/v2\/posts\/9510\" class=\"qtranxs-available-language-link qtranxs-available-language-link-ro\" title=\"Rom\u00e2n\u0103\">Rom\u00e2n\u0103<\/a>. For the sake of viewer convenience, the content is shown below in the alternative language. You may click the link to switch the active language.<\/p>\n<p>Ce \u00eenseamn\u0103 dreptul de a nu fi judecat sau pedepsit de dou\u0103 ori pentru aceea\u0219i fapt\u0103 \u00een Conven\u0163ia European\u0103 a Drepturilor Omului<\/p>\n","protected":false},"author":2,"featured_media":4735,"comment_status":"closed","ping_status":"closed","sticky":false,"template":"","format":"standard","meta":{"footnotes":""},"categories":[21],"tags":[1425,376],"class_list":["post-9510","post","type-post","status-publish","format-standard","has-post-thumbnail","hentry","category-resurse-utile","tag-dreptul-de-a-nu-fi-condamnat-de-doua-ori-pentru-aceeasi-fapta","tag-drepturi-civile-2"],"_links":{"self":[{"href":"https:\/\/apador.org\/en\/wp-json\/wp\/v2\/posts\/9510","targetHints":{"allow":["GET"]}}],"collection":[{"href":"https:\/\/apador.org\/en\/wp-json\/wp\/v2\/posts"}],"about":[{"href":"https:\/\/apador.org\/en\/wp-json\/wp\/v2\/types\/post"}],"author":[{"embeddable":true,"href":"https:\/\/apador.org\/en\/wp-json\/wp\/v2\/users\/2"}],"replies":[{"embeddable":true,"href":"https:\/\/apador.org\/en\/wp-json\/wp\/v2\/comments?post=9510"}],"version-history":[{"count":1,"href":"https:\/\/apador.org\/en\/wp-json\/wp\/v2\/posts\/9510\/revisions"}],"predecessor-version":[{"id":9511,"href":"https:\/\/apador.org\/en\/wp-json\/wp\/v2\/posts\/9510\/revisions\/9511"}],"wp:featuredmedia":[{"embeddable":true,"href":"https:\/\/apador.org\/en\/wp-json\/wp\/v2\/media\/4735"}],"wp:attachment":[{"href":"https:\/\/apador.org\/en\/wp-json\/wp\/v2\/media?parent=9510"}],"wp:term":[{"taxonomy":"category","embeddable":true,"href":"https:\/\/apador.org\/en\/wp-json\/wp\/v2\/categories?post=9510"},{"taxonomy":"post_tag","embeddable":true,"href":"https:\/\/apador.org\/en\/wp-json\/wp\/v2\/tags?post=9510"}],"curies":[{"name":"wp","href":"https:\/\/api.w.org\/{rel}","templated":true}]}}