{"id":9653,"date":"2021-03-25T15:10:25","date_gmt":"2021-03-25T13:10:25","guid":{"rendered":"https:\/\/apador.org\/?p=9653"},"modified":"2022-02-28T13:11:32","modified_gmt":"2022-02-28T11:11:32","slug":"ce-nu-ne-spune-colonelul-gheorghita","status":"publish","type":"post","link":"https:\/\/apador.org\/en\/ce-nu-ne-spune-colonelul-gheorghita\/","title":{"rendered":"Ce nu ne spune colonelul Gheorghi\u021b\u0103"},"content":{"rendered":"<p class=\"qtranxs-available-languages-message qtranxs-available-languages-message-en\">Sorry, this entry is only available in <a href=\"https:\/\/apador.org\/ro\/wp-json\/wp\/v2\/posts\/9653\" class=\"qtranxs-available-language-link qtranxs-available-language-link-ro\" title=\"Rom\u00e2n\u0103\">Rom\u00e2n\u0103<\/a>. For the sake of viewer convenience, the content is shown below in the alternative language. You may click the link to switch the active language.<\/p><p style=\"text-align: justify;\"><em>APADOR-CH a dat \u00een judecat\u0103 <\/em><em>Comitetul Na\u021bional de Coordonare a Activit\u0103\u021bilor privind Vaccinarea, pentru c\u0103 refuz\u0103 s\u0103 furnizeze informa\u021bii despre c\u00e2te doze de vaccin a contractat Rom\u00e2nia, c\u00e2te a pl\u0103tit \u0219i c\u00e2te mai urmeaz\u0103<\/em><\/p>\n<p>&nbsp;<\/p>\n<p style=\"text-align: justify;\">De\u0219i \u021bine s\u0103pt\u0103m\u00e2nal conferin\u021be de pres\u0103, spre mul\u021bumirea primului ministru, Comitetului Na\u021bional de Coordonare a Activit\u0103\u021bilor privind Vaccinarea (prescurtat CNCAV) tace asurzitor \u00een restul timpului, atunci c\u00e2nd prime\u0219te \u00eentreb\u0103ri \u00een scris, despre chestiuni cel pu\u021bin la fel de importante precum cele rostite \u00een conferin\u021bele de pres\u0103.<\/p>\n<p style=\"text-align: justify;\">O astfel de cerere de informa\u021bii publice am adresat \u0219i noi CNCAV, dup\u0103 un ping-pong de solicit\u0103ri \u0219i non-r\u0103spunsuri, care ne-au plimbat, \u00een ultimele dou\u0103 luni, de la Secretariatul General al Guvernului la Ministerul S\u0103n\u0103t\u0103\u021bii \u0219i \u00eenapoi la CNCAV, trec\u00e2nd prin numeroase alte institu\u021bii cu reprezentan\u021bi \u00een CNCAV, ca s\u0103 afl\u0103m m\u0103car adresa de coresponden\u021b\u0103 a susnumitului Comitet.<\/p>\n<p style=\"text-align: justify;\"><strong>\u00centreb\u0103rile la care am cerut r\u0103spuns de la CNCAV, \u00een data de 16 februarie 2021, sunt urm\u0103toarele:<\/strong><\/p>\n<blockquote><p><em><strong>1.<\/strong>Care este num\u0103rul dozelor de vaccin anticovid-19, defalcat pe fiecare firm\u0103 produc\u0103toare, pe care statul rom\u00e2n le-a primit \u015fi pe care urmeaz\u0103 s\u0103 le primeasc\u0103 de la Uniunea European\u0103.<\/em><\/p>\n<p><em><strong>2.<\/strong> Dac\u0103 statul rom\u00e2n a primit sau urmeaz\u0103 s\u0103 primeasc\u0103 vaccinuri de la al\u0163i furnizori\/alte entit\u0103\u0163i dec\u00e2t Uniunea European\u0103. \u00cen caz afirmativ, care sunt ace\u015fti furnizori\/aceste entit\u0103\u0163i, care sunt vaccinurile \u015fi cantit\u0103\u0163ile. pentru fiecare \u00een parte.<\/em><\/p>\n<p><em><strong>3.<\/strong> Care este calendarul primirii de c\u0103tre statul rom\u00e2n a dozelor de vaccin men\u0163ionate la pct. 1 \u015fi 2 din prezen\u0163a cerere, defalcat pe termene <\/em><em>\u0219<\/em><em>i cantit\u0103\u021bi.<\/em><\/p>\n<p><em><strong>4.<\/strong> Dac\u0103 statul rom\u00e2n a achitat sau urmeaz\u0103 s\u0103 achite vreo sum\u0103 de bani \u00een contul vaccinurilor anticovid-19 primite de la Uniunea European\u0103, iar \u00een caz afirmativ care sunt sumele achitate p\u00e2n\u0103 \u00een prezent sau care urmeaz\u0103 s\u0103 fie achitate.<\/em><\/p>\n<p><em><strong>5.<\/strong> Dac\u0103 statul rom\u00e2n a achitat sau urmeaz\u0103 s\u0103 achite vreo sum\u0103 de bani \u00een contul vaccinurilor anticovid-19 primite de la al\u0163i furnizori\/alte entit\u0103\u0163i dec\u00e2t Uniunea European\u0103, iar \u00een caz afirmativ care sunt aceste sume.<\/em><\/p><\/blockquote>\n<p style=\"text-align: justify;\">Aceste informa\u021bii sunt de interes public \u0219i ar trebui s\u0103 se reg\u0103seasc\u0103, publicate din oficiu, pe cel pu\u021bin unul dintre site-urile numeroaselor institu\u021bii care au reprezentan\u021bi \u00een CNCAV. \u00cen loc de asta, \u00eens\u0103, institu\u021biile respective \u00ee\u0219i declin\u0103 competen\u021ba de a r\u0103spunde la \u00eentreb\u0103rile legitime \u0219i \u00eei plimb\u0103 pe peten\u021bi de la unul la altul, p\u00e2n\u0103 c\u00e2nd se plictisesc s\u0103 mai \u00eentrebe. APADOR-CH s-a decis \u00een cele din urm\u0103 s\u0103 dea \u00een judecat\u0103 CNCAV pentru a ob\u021bine aceste r\u0103spunsuri.<\/p>\n<p style=\"text-align: justify;\"><strong>Cum s-a ajuns la proces<\/strong><\/p>\n<p style=\"text-align: justify;\">Am adresat aceste \u00eentreb\u0103ri ini\u021bial Ministerului S\u0103n\u0103t\u0103\u021bii, care ne-a r\u0103spuns par\u021bial la ele, sus\u021bin\u00e2nd c\u0103 Rom\u00e2nia nu ar fi pl\u0103tit nicio doz\u0103 de vaccin. \u00cen acela\u0219i timp, \u00een media, premierul declara contrariul, c\u0103 Rom\u00e2nia a pl\u0103tit \u0219i va mai pl\u0103ti doze de vaccin, ba chiar le va \u0219i produce la un moment dat&#8230;<\/p>\n<p style=\"text-align: justify;\">Pentru a clarifica lucrurile, am adresat acelea\u0219i \u00eentreb\u0103ri Secretariatului General al Guvernului, care \u00een loc s\u0103 ne l\u0103mureasc\u0103 ne-a trimis \u00eenapoi la Ministerul S\u0103n\u0103t\u0103\u021bii. Acesta la r\u00e2ndul s\u0103u ne-a trimis la Comitetului Na\u021bional de Coordonare a Activit\u0103\u021bilor privind Vaccinarea, o entitate care apare la TV, dar cu adres\u0103 necunoscut\u0103.<\/p>\n<p style=\"text-align: justify;\">Au urmat mai multe \u00eencerc\u0103ri succesive de a identifica datele de contact ale CNCAV, prin trimiterea de solicit\u0103ri c\u0103tre toate institu\u021biile care au reprezentan\u021bi \u00een Comitet: MAI, MApN, MS, ba chiar \u0219i la Agen\u021bia Na\u021bional\u0103 pentru Achizi\u021bii Publice, deoarece \u0219i ea are un reprezentant \u00een CNCAV.<\/p>\n<p style=\"text-align: justify;\">\u00cen final, am primit o adres\u0103 de email de la MApN \u0219i am trimis \u00eenc\u0103 o dat\u0103 \u00eentreb\u0103rile noastre c\u0103tre CNCAV direct. Nu am primit niciun r\u0103spuns \u0219i din c\u00e2te am v\u0103zut \u00een spa\u021biul public nu suntem singurii \u00een situa\u021bia asta.<\/p>\n<p style=\"text-align: justify;\"><strong>Cine este CNCAV<\/strong><\/p>\n<p style=\"text-align: justify;\">CNCAV este un organism interministerial, f\u0103r\u0103 personalitate juridic\u0103, alc\u0103tuit din reprezentan\u021bi ai mai multor autorit\u0103\u021bi publice \u0219i condus de un pre\u0219edinte, precum \u0219i de un vicepre\u0219edinte, secretar de stat \u00een cadrul Ministerului S\u0103n\u0103t\u0103\u021bii (ambii \u00een foto), desemna\u021bi prin decizie a prim-ministrului. Comitetul are rolul de a organiza \u0219i coordona activit\u0103\u021bile privind vaccinarea \u00eempotriva SARS-CoV-2.<\/p>\n<p style=\"text-align: justify;\">\u00cen caz c\u0103 mai sunt \u0219i al\u021bi p\u0103\u021bi\u021bi ca noi, iat\u0103 temeiul legal prin care a\u021bi putea solicita \u00een instan\u021b\u0103 informa\u021biile pe care CNCAV refuz\u0103 s\u0103 le furnizeze normal, \u00een baza Legii 544\/2001: de\u015fi Comitetul nu are personalitate juridic\u0103, el poate sta \u00een judecat\u0103, \u00een conformitate cu prevederile art. 56 al. 2 din Codul de procedur\u0103 civil\u0103, potrivit c\u0103ruia \u201e<em>pot sta \u00een judecat\u0103 asocia\u021biile, societ\u0103\u021bile sau <strong>alte entit\u0103\u021bi f\u0103r\u0103 personalitate juridic\u0103, dac\u0103 sunt constituite potrivit legii<\/strong>.<\/em>\u201d<\/p>\n<p style=\"text-align: justify;\">\u201eP\u00e2r\u00e2tul\u201d CNCAV, a\u0219adar, a fost constituit potrivit legii, respectiv a fost \u00eenfiin\u0163at prin Decizia nr. 385 din 20 noiembrie 2020 a prim-ministrului, decizie care se \u00eentemeiaz\u0103 pe\u00a0 art. 29 \u0219i art. 34 alin. 1 din Ordonan\u021ba de urgen\u021b\u0103 a Guvernului nr. 57\/2019 privind Codul administrativ.<\/p>\n<p style=\"text-align: justify;\"><strong>V\u0103 vom \u021bine la curent cu mersul procesului, dar \u00eentre timp ne pute\u021bi scrie dac\u0103 \u0219i voi a\u021bi trimis f\u0103r\u0103 succes solicit\u0103ri de informa\u021bii publice c\u0103tre CNCAV sau Ministerul S\u0103n\u0103t\u0103\u021bii sau alte institu\u021bii implicate \u00een combaterea pandemiei.<\/strong><\/p>\n<p style=\"text-align: right;\"><em>*sursa foto gov.ro<\/em><\/p>\n<p>&nbsp;<\/p>\n<a href=\"https:\/\/apador.org\/wp-content\/uploads\/2021\/11\/APADOR-CH-raspuns-pentru-4840-din-30-august-2021-ds.-sectia-2.pdf\" class=\"su-button su-button-style-soft su-button-wide\" style=\"color:#324645;background-color:#f26a0f;border-color:#c2550c;border-radius:7px\" target=\"_blank\" rel=\"noopener noreferrer\" title=\"bla\"><span style=\"color:#324645;padding:7px 20px;font-size:16px;line-height:24px;border-color:#f69757;border-radius:7px;text-shadow:none\"><i class=\"sui sui-hand-o-right\" style=\"font-size:16px;color:#FFFFFF\"><\/i> Februarie 2022 &#8211; r\u0103spunsul CNCAV la o parte din \u00eentreb\u0103rile APADOR-CH, \u00een urma deciziei instan\u021bei<\/span><\/a>","protected":false},"excerpt":{"rendered":"<p class=\"qtranxs-available-languages-message qtranxs-available-languages-message-en\">Sorry, this entry is only available in <a href=\"https:\/\/apador.org\/ro\/wp-json\/wp\/v2\/posts\/9653\" class=\"qtranxs-available-language-link qtranxs-available-language-link-ro\" title=\"Rom\u00e2n\u0103\">Rom\u00e2n\u0103<\/a>. For the sake of viewer convenience, the content is shown below in the alternative language. You may click the link to switch the active language.<\/p>\n<p>APADOR-CH a dat \u00een judecat\u0103 Comitetului Na\u021bional de Coordonare a Activit\u0103\u021bilor privind Vaccinarea, pentru c\u0103 refuz\u0103 s\u0103 furnizeze informa\u021bii despre c\u00e2te doze de vaccin a contractat Rom\u00e2nia, c\u00e2te a pl\u0103tit \u0219i c\u00e2te mai urmeaz\u0103<\/p>\n","protected":false},"author":2,"featured_media":9665,"comment_status":"closed","ping_status":"closed","sticky":false,"template":"","format":"standard","meta":{"footnotes":""},"categories":[29,81,24],"tags":[1454,1455,942,187,53,908],"class_list":["post-9653","post","type-post","status-publish","format-standard","has-post-thumbnail","hentry","category-comunicate","category-slider","category-transparenta","tag-cncav","tag-comitetului-national-de-coordonare-a-activitatilor-privind-vaccinarea","tag-covid-19","tag-legea-5442001","tag-ministerul-sanatatii","tag-vaccin"],"_links":{"self":[{"href":"https:\/\/apador.org\/en\/wp-json\/wp\/v2\/posts\/9653","targetHints":{"allow":["GET"]}}],"collection":[{"href":"https:\/\/apador.org\/en\/wp-json\/wp\/v2\/posts"}],"about":[{"href":"https:\/\/apador.org\/en\/wp-json\/wp\/v2\/types\/post"}],"author":[{"embeddable":true,"href":"https:\/\/apador.org\/en\/wp-json\/wp\/v2\/users\/2"}],"replies":[{"embeddable":true,"href":"https:\/\/apador.org\/en\/wp-json\/wp\/v2\/comments?post=9653"}],"version-history":[{"count":10,"href":"https:\/\/apador.org\/en\/wp-json\/wp\/v2\/posts\/9653\/revisions"}],"predecessor-version":[{"id":10058,"href":"https:\/\/apador.org\/en\/wp-json\/wp\/v2\/posts\/9653\/revisions\/10058"}],"wp:featuredmedia":[{"embeddable":true,"href":"https:\/\/apador.org\/en\/wp-json\/wp\/v2\/media\/9665"}],"wp:attachment":[{"href":"https:\/\/apador.org\/en\/wp-json\/wp\/v2\/media?parent=9653"}],"wp:term":[{"taxonomy":"category","embeddable":true,"href":"https:\/\/apador.org\/en\/wp-json\/wp\/v2\/categories?post=9653"},{"taxonomy":"post_tag","embeddable":true,"href":"https:\/\/apador.org\/en\/wp-json\/wp\/v2\/tags?post=9653"}],"curies":[{"name":"wp","href":"https:\/\/api.w.org\/{rel}","templated":true}]}}