{"id":9680,"date":"2021-03-30T17:24:59","date_gmt":"2021-03-30T15:24:59","guid":{"rendered":"https:\/\/apador.org\/?p=9680"},"modified":"2021-03-30T17:24:59","modified_gmt":"2021-03-30T15:24:59","slug":"cncav-o-rotita-a-guvernului-care-se-invarte-in-gol","status":"publish","type":"post","link":"https:\/\/apador.org\/en\/cncav-o-rotita-a-guvernului-care-se-invarte-in-gol\/","title":{"rendered":"CNCAV \u2013 o \u201eroti\u021b\u0103\u201d a Guvernului care se \u00eenv\u00e2rte \u00een gol?"},"content":{"rendered":"<p class=\"qtranxs-available-languages-message qtranxs-available-languages-message-en\">Sorry, this entry is only available in <a href=\"https:\/\/apador.org\/ro\/wp-json\/wp\/v2\/posts\/9680\" class=\"qtranxs-available-language-link qtranxs-available-language-link-ro\" title=\"Rom\u00e2n\u0103\">Rom\u00e2n\u0103<\/a>. For the sake of viewer convenience, the content is shown below in the alternative language. You may click the link to switch the active language.<\/p><p style=\"text-align: justify;\">\n<p style=\"text-align: justify;\"><em>Colonelul Gheorghi\u021b\u0103 sus\u021bine c\u0103 nu ar fi primit solicit\u0103rile din partea APADOR-CH \u0219i c\u0103 toate informa\u021biile ar fi publice, pe site-ul Guvernului. Ne-am uitat \u0219i nu sunt<\/em><\/p>\n<p style=\"text-align: justify;\">\n<p style=\"text-align: justify;\">\n<p style=\"text-align: justify;\">Informa\u021biile despre num\u0103rul dozelor de vaccin destinate Rom\u00e2niei \u0219i c\u00e2t s-a pl\u0103tit pentru ele p\u00e2n\u0103 acum ar fi publice, pe site-ul Guvernului, zice colonelul Gheorghi\u021b\u0103, \u00eentr-un r\u0103spuns dat ziarului <a href=\"https:\/\/www.libertatea.ro\/stiri\/comitetul-national-de-vaccinare-raspuns-pentru-apador-ch-achizitia-de-vaccinuri-nu-o-facem-noi-datele-sunt-publice-3471871\" target=\"_blank\" rel=\"noopener\">Libertatea<\/a>, \u00een care sus\u021bine \u0219i c\u0103 nu ar fi primit nicio solicitare de informa\u021bii din partea APADOR-CH \u00een leg\u0103tur\u0103 cu acest subiect.<\/p>\n<p style=\"text-align: justify;\">\u0218i dac\u0103 ar fi primit, continu\u0103 \u0219eful CNCAV, ne-ar fi trimis \u0219i el tot la Guvern, a\u0219a cum Guvernul \u00eensu\u0219i, prin Secretariatul s\u0103u, ne-a trimis \u2013 pentru acelea\u0219i informa\u021bii \u2013 la Ministerul S\u0103n\u0103t\u0103\u021bii, care ne-a trimis la CNCAV. Un lan\u021b al dezinform\u0103rii publice care se \u00eentinde \u00eentre institu\u021biile statului, pl\u0103tite s\u0103-\u0219i fac\u0103 treaba transparent, nu s\u0103 plimbe cet\u0103\u021beanul de la o u\u0219\u0103 la alta. Sau mai exact, un mecanism al dezinform\u0103rii, \u00een care CNCAV este \u201edoar o roti\u021b\u0103\u201d, dup\u0103 cum s-a exprimat colonelul Gheorghi\u021b\u0103.<\/p>\n<p style=\"text-align: justify;\">C\u00e2nd am citit r\u0103spunsul domnului Gheorghi\u021b\u0103 \u00een ziar am dat repede o c\u0103utare pe site-ul Guvernului, ca s\u0103 vedem dac\u0103 nu cumva s-or fi publicat acolo r\u0103spunsurile la cele cinci \u00eentreb\u0103ri ale noastre, trimise \u00eenc\u0103 din ianuarie 2021. Rezultatul c\u0103ut\u0103rii \u00eel vede\u021bi \u00een imagine: \u201e0 rezultate\u201d.<\/p>\n<p style=\"text-align: justify;\">Pe site-ul guvernului sunt acelea\u0219i comunic\u0103ri eliptice, \u00een care se anun\u021b\u0103 triumfalist cifre pe care \u0219i colonelul Gheorghi\u021b\u0103 le mai recit\u0103 \u00een conferin\u021bele de pres\u0103, cifre care spun doar c\u00e2t vor \u201est\u0103p\u00e2nii\u201d cifrelor s\u0103 \u0219tim: c\u0103 vor mai veni c\u00e2teva zeci, sute, milioane de doze de vaccin, la var\u0103 va fi cald \u0219i bine, s\u0103 st\u0103m cumin\u021bi, la locurile noastre \u0219i s\u0103 nu punem \u00eentreb\u0103ri. Aceste comunicate de pe site-ul Guvernului sunt semnate tot de \u201e<strong><a href=\"https:\/\/vaccinare-covid.gov.ro\/345-150-doze-de-vaccin-pfizer-sosesc-in-romania-2\/\" target=\"_blank\" rel=\"noopener\">Grupul de comunicare al CNCAV<\/a><\/strong>\u201d, institu\u021bie \u00eenfiin\u021bat\u0103 de Guvern ca s\u0103 gestioneze campania de vaccinare.<\/p>\n<p style=\"text-align: justify;\"><strong>Ce am \u00eentrebat noi sunt \u00eentr-adev\u0103r informa\u021bii publice, totu\u0219i nu sunt publicate pe niciun site: <\/strong><\/p>\n<ul style=\"text-align: justify;\">\n<li><strong>un calendar al primirii dozelor, pe companii produc\u0103toare, p\u00e2n\u0103 la finele anului, <\/strong><\/li>\n<li><strong>sumele pl\u0103tite de statul rom\u00e2n p\u00e2n\u0103 acum, <\/strong><\/li>\n<li><strong>c\u00e2t urmeaz\u0103 s\u0103 se mai pl\u0103teasc\u0103<\/strong><\/li>\n<li><strong>dac\u0103 exist\u0103 \u00een plan alte achizi\u021bii \u00een afara celor contractate prin UE<\/strong>.<\/li>\n<\/ul>\n<p style=\"text-align: justify;\">Informa\u021bii pe care cu siguran\u021b\u0103 c\u0103 le \u0219tie \u0219i \u201eroti\u021ba\u201d CNCAV, de vreme ce c\u0103tre aceast\u0103 \u201eroti\u021b\u0103\u201d ne-au \u00eendrumat toate celelalte institu\u021bii ale statului. Dar domnul colonel Gheorghi\u021b\u0103 nu spune adev\u0103rul nici \u00een privin\u021ba acestor informa\u021bii, nici \u00een privin\u021ba emailului primit de la APADOR-CH.<\/p>\n<p style=\"text-align: justify;\">Mai \u00eentreb\u0103m \u0219i altfel: dac\u0103 CNCAV zice c\u0103 nu a primit email de la noi, \u0219i mai sunt \u0219i al\u021bi cet\u0103\u021beni care se pl\u00e2ng \u00een spa\u021biul public c\u0103 nu primesc r\u0103spunsuri de la CNCAV, oare n-ar trebui s\u0103 deschid\u0103 computerul?<\/p>\n<p><strong>Alte \u00eentreb\u0103ri pentru CNCAV, trimise prin po\u0219t\u0103<\/strong><\/p>\n<p style=\"text-align: justify;\">Ne afl\u0103m \u00eentr-un moment sensibil al pandemiei, \u00een care prea mul\u021bi oameni \u0219i-au pierdut r\u0103bdarea, teoriile conspira\u021biei fac mai multe victime dec\u00e2t boala \u00een sine, iar autorit\u0103\u021bile, care fac apel la fiecare s\u0103 respecte regulile, nu-\u0219i respect\u0103 chiar ele obliga\u021bia legal\u0103 de transparen\u021b\u0103.<\/p>\n<p style=\"text-align: justify;\">Transparen\u021ba nu cost\u0103, \u00een schimb cre\u0219te \u00eencrederea cet\u0103\u021beanului \u00een stat, iar despre \u00eencredere e vorba mai mult ca oric\u00e2nd \u00een aceste zile. A\u0219a c\u0103 noi ne \u00eenc\u0103p\u0103\u021b\u00e2n\u0103m s\u0103 ajut\u0103m statul s\u0103 fie transparent, chiar \u0219i prin sentin\u021b\u0103 judec\u0103toreasc\u0103. \u00cen a\u0219teptarea procesului, i-am transmis domnului colonel Gheorghi\u021b\u0103 \u00eenc\u0103 o solicitare de informa\u021bii. De data asta clasic, prin po\u0219t\u0103, cu confirmare de primire.<\/p>\n<p style=\"text-align: justify;\">\u00centreb\u0103rile vizeaz\u0103 strict \u201eroti\u021ba\u201d CNCAV, nu se mai poate ascunde \u00een spatele Guvernului:<\/p>\n<p style=\"text-align: justify;\"><strong>&#8211; c\u00e2te persoane activeaz\u0103 \u00een CNCAV, din ce institu\u021bii provin \u0219i ce studii au?<\/strong><\/p>\n<p style=\"text-align: justify;\"><strong>&#8211; ce remunera\u021bii primesc?<\/strong><\/p>\n<p style=\"text-align: justify;\"><strong>&#8211; ce buget are CNCAV \u0219i unde poate fi consultat?<\/strong><\/p>\n<p style=\"text-align: justify;\"><strong>&#8211; unde a fost publicat regulamentul de organizare \u0219i func\u021bionare a CNCAV?<\/strong><\/p>\n<p style=\"text-align: justify;\"><strong>&#8211; dac\u0103 \u201eroti\u021ba\u201d are site propriu \u0219i care e acesta?<\/strong><\/p>\n<p style=\"text-align: justify;\">Dac\u0103 emailul nu-l deschide, sper\u0103m s\u0103 aib\u0103 m\u0103car drum pe la po\u0219t\u0103 zilele astea.<\/p>\n<hr \/>\n<p>&nbsp;<\/p>\n<p><strong>Cite\u0219te \u0219i: <a title=\"Link permanent: Ce nu ne spune colonelul Gheorghi\u021b\u0103\" href=\"https:\/\/apador.org\/ce-nu-ne-spune-colonelul-gheorghita\/\" rel=\"bookmark\">Ce nu ne spune colonelul Gheorghi\u021b\u0103<\/a><\/strong><\/p>\n<p>&nbsp;","protected":false},"excerpt":{"rendered":"<p>Sorry, this entry is only available in Rom\u00e2n\u0103. For the sake of viewer convenience, the content is shown below in the alternative language. You may click the link to switch the active language. Colonelul Gheorghi\u021b\u0103 sus\u021bine c\u0103 nu ar fi primit solicit\u0103rile din partea APADOR-CH \u0219i c\u0103 toate informa\u021biile ar fi publice, pe site-ul Guvernului. [&hellip;]<\/p>\n","protected":false},"author":2,"featured_media":9681,"comment_status":"closed","ping_status":"closed","sticky":false,"template":"","format":"standard","meta":{"footnotes":""},"categories":[1022],"tags":[188,1454,1455,51,1443],"class_list":["post-9680","post","type-post","status-publish","format-standard","has-post-thumbnail","hentry","category-articole-reportaje","tag-acces-la-informatii-2","tag-cncav","tag-comitetului-national-de-coordonare-a-activitatilor-privind-vaccinarea","tag-informatii-publice","tag-vaccinare"],"_links":{"self":[{"href":"https:\/\/apador.org\/en\/wp-json\/wp\/v2\/posts\/9680","targetHints":{"allow":["GET"]}}],"collection":[{"href":"https:\/\/apador.org\/en\/wp-json\/wp\/v2\/posts"}],"about":[{"href":"https:\/\/apador.org\/en\/wp-json\/wp\/v2\/types\/post"}],"author":[{"embeddable":true,"href":"https:\/\/apador.org\/en\/wp-json\/wp\/v2\/users\/2"}],"replies":[{"embeddable":true,"href":"https:\/\/apador.org\/en\/wp-json\/wp\/v2\/comments?post=9680"}],"version-history":[{"count":3,"href":"https:\/\/apador.org\/en\/wp-json\/wp\/v2\/posts\/9680\/revisions"}],"predecessor-version":[{"id":9684,"href":"https:\/\/apador.org\/en\/wp-json\/wp\/v2\/posts\/9680\/revisions\/9684"}],"wp:featuredmedia":[{"embeddable":true,"href":"https:\/\/apador.org\/en\/wp-json\/wp\/v2\/media\/9681"}],"wp:attachment":[{"href":"https:\/\/apador.org\/en\/wp-json\/wp\/v2\/media?parent=9680"}],"wp:term":[{"taxonomy":"category","embeddable":true,"href":"https:\/\/apador.org\/en\/wp-json\/wp\/v2\/categories?post=9680"},{"taxonomy":"post_tag","embeddable":true,"href":"https:\/\/apador.org\/en\/wp-json\/wp\/v2\/tags?post=9680"}],"curies":[{"name":"wp","href":"https:\/\/api.w.org\/{rel}","templated":true}]}}