{"id":9731,"date":"2021-05-06T08:39:26","date_gmt":"2021-05-06T06:39:26","guid":{"rendered":"https:\/\/apador.org\/?p=9731"},"modified":"2021-05-06T08:39:26","modified_gmt":"2021-05-06T06:39:26","slug":"raport-despre-vizita-in-penitenciarul-craiova-23-aprilie-2021","status":"publish","type":"post","link":"https:\/\/apador.org\/en\/raport-despre-vizita-in-penitenciarul-craiova-23-aprilie-2021\/","title":{"rendered":"Raport despre vizita \u00een Penitenciarul Craiova \u2013 23 aprilie 2021"},"content":{"rendered":"<p class=\"qtranxs-available-languages-message qtranxs-available-languages-message-en\">Sorry, this entry is only available in <a href=\"https:\/\/apador.org\/ro\/wp-json\/wp\/v2\/posts\/9731\" class=\"qtranxs-available-language-link qtranxs-available-language-link-ro\" title=\"Rom\u00e2n\u0103\">Rom\u00e2n\u0103<\/a>. For the sake of viewer convenience, the content is shown below in the alternative language. You may click the link to switch the active language.<\/p><p style=\"text-align: justify;\">\n<p style=\"text-align: justify;\">La data de 23 aprilie 2021, dou\u0103 reprezentante APADOR-CH au f\u0103cut o vizit\u0103 virtual\u0103 \u00een Penitenciarul Craiova. Discu\u021bia cu conducerea penitenciarului \u0219i cu o serie de de\u021binu\u021bi s-a derulat prin platforma Zoom \u0219i a durat trei ore, \u00eentre 9.00 \u0219i 12.00.<\/p>\n<p style=\"text-align: justify;\">Ultima vizit\u0103 a APADOR-CH \u00een Penitenciarul Craiova a avut loc \u00een 2019, <a href=\"https:\/\/apador.org\/raport-privind-vizita-in-penitenciarul-craiova\/\" target=\"_blank\" rel=\"noopener\">raportul poate fi citit aici<\/a>.<\/p>\n<p style=\"text-align: justify;\">Dat fiind specificul online al acestei vizite, APADOR-CH subliniaz\u0103 c\u0103 informa\u021biile din acest raport se bazeaz\u0103 exclusiv pe declara\u021biile reprezentan\u021bilor penitenciarului \u0219i ale de\u021binu\u021bilor care s-au oferit voluntar s\u0103 discute cu asocia\u021bia. Vizita a fost anun\u021bat\u0103 cu o zi \u00eenainte de data la care a avut loc.<\/p>\n<p style=\"text-align: justify;\">\n<ol style=\"text-align: justify;\">\n<li><strong>Num\u0103r de de\u021binu\u021bi\/ capacitate de cazare\/ regimuri<\/strong><\/li>\n<\/ol>\n<p style=\"text-align: justify;\">La data vizitei, \u00een Penitenciarul Craiova erau 790 de de\u021binu\u021bi (b\u0103rba\u021bi \u0219i femei), la toate regimurile de executare a pedepsei, din zonele Gorj, Dolj, Mehedin\u021bi, Arge\u0219 \u0219i V\u00e2lcea. Penitenciarul are 915 paturi instalate, dar o capacitate legal\u0103 de de\u021binere de numai 529 de locuri, deci avea un grad de ocupare de 149%. Cea mai mare aglomera\u021bie se \u00eenregistreaz\u0103 la regim \u00eenchis, unde gradul de ocupare este de 150%.<\/p>\n<p style=\"text-align: justify;\">Pandemia a dezechilibrat situa\u021bia, dup\u0103 cum a explicat directorul unit\u0103\u021bii. Sunt opt sec\u021bii la sediu, \u00een ora\u0219, \u0219i una exterioar\u0103 la I\u0219alni\u021ba, unde exist\u0103 \u00eenc\u0103 din 2019 un proiect de extindere cu \u00eenc\u0103 o sec\u021bie pentru femei.<\/p>\n<p style=\"text-align: justify;\">Unitatea din ora\u0219 are opt sec\u021bii, cu toate regimurile: sec\u021bie de arest preventiv \u2013 cu 139 de persoane, sec\u021bie de regim \u00eenchis \u2013 357 de persoane, sec\u021bie de regim deschis \u2013 101 de\u021binu\u021bi, sec\u021bie de maxim\u0103 siguran\u021b\u0103 \u2013 cu 78 de de\u021binu\u021bi, sec\u021bie de femei 56 la sediul din ora\u0219 \u2013 care are de asemenea toate regimurile \u2013 \u0219i \u00eenc\u0103 59 de femei la sec\u021bia exterioar\u0103 de la I\u0219alni\u021ba, cu regim deschis.<\/p>\n<p style=\"text-align: justify;\">Conducerea unit\u0103\u021bii a spus c\u0103 cea mai mare camer\u0103 ar avea 26 locuri. Totu\u0219i \u00een timpul discu\u021biilor cu de\u021binu\u021bii, unul dintre ei a spus c\u0103 st\u0103 \u00eentr-o camera cu 30 de persoane.<\/p>\n<ol style=\"text-align: justify;\" start=\"2\">\n<li><strong>Personalul angajat\/locuri disponibile<\/strong><\/li>\n<\/ol>\n<p style=\"text-align: justify;\">Num\u0103rul de posuri prev\u0103zute \u00een schema de personal este de 527, din care ocupate sunt 434. \u00cen 2021 penitenciarul a scos la concurs \u00eenc\u0103 221 de posturi, nu toate ocupate.<\/p>\n<p style=\"text-align: justify;\">Pandemia a ar\u0103tat c\u0103 penitenciarul are nevoie \u0219i de un medic infec\u021bionist, pe l\u00e2ng\u0103 cel stomatolog \u0219i psihiatrul care lipsesc.<\/p>\n<p style=\"text-align: justify;\">Sectorul medical se bazeaz\u0103 pe 3 medici generali\u0219ti, 5 asisten\u021bi care lucreaz\u0103 \u00een program de ture, 2 asisten\u021bi angaja\u021bi cu contract, 1 asistent igien\u0103, 1 tehnician dentar \u0219i 1 asistent stomatolog. Nu exist\u0103 medic stomatolog, dar unitatea colaboreaz\u0103 cu Penitenciarul Spital Mioveni pentru serviciile unui medic stomatolog \u0219i ale unui psihiatru.<\/p>\n<p style=\"text-align: justify;\">Psihiatrul existent la Penitenciarul Craiova \u00een 2019 a fost \u00eentre timp deta\u0219at \u0219i apoi mutat definitiv la Mioveni.<\/p>\n<p style=\"text-align: justify;\">La concursul organizat recent a participat \u0219i un medic pneumolog, dar nu a trecut testul psihologic.<\/p>\n<p style=\"text-align: justify;\">La sectorul Socio-educativ sunt 26 de ofi\u021beri \u0219i 4 psihologi.<\/p>\n<ol style=\"text-align: justify;\" start=\"3\">\n<li><strong>Bugetul <\/strong><\/li>\n<\/ol>\n<p style=\"text-align: justify;\">\u00cen ultimul an au fost reabilitate complet 32 de camere din totalul de 119 din penitenciar.<\/p>\n<p style=\"text-align: justify;\">Pentru asigurarea dreptului la vizit\u0103 online au fost amenajate \u0219ase spa\u021bii la unitatea din ora\u0219 \u0219i alte dou\u0103 la I\u0219alni\u021ba.<\/p>\n<p style=\"text-align: justify;\">Blocul alimentar a fost dotat cu sistem de ventilare, zugr\u0103vit \u0219i placat cu gresie, pentru eliminarea igrasiei.<\/p>\n<p style=\"text-align: justify;\">S-au instalat frigidere \u00een unele camere sau pe hol, \u00een special la oficiul de vesel\u0103<\/p>\n<p style=\"text-align: justify;\">Bugetul pentru 2021 \u201ee oarecum \u00een regul\u0103\u201d, dup\u0103 cum a apreciat directorul, care se bazeaz\u0103 \u0219i pe rectific\u0103ri.<\/p>\n<p style=\"text-align: justify;\">O investi\u021bie care figura \u00een plan \u0219i la vizita din 2019, cu termen de realizare 2022, era extinderea \u0219i transformarea sec\u021biei exterioare de la I\u0219alni\u021ba \u00een sec\u021bie exclusiv pentru femei. Acea investi\u021bie este \u00eent\u00e2rziat\u0103, \u00eens\u0103 r\u0103m\u00e2ne un deziderat pentru 2023. Momentan se afl\u0103 la faza de proiectare. Dup\u0103 mutarea tuturor femeilor la sec\u021bia exterioar\u0103, penitenciarul din ora\u0219 va mai c\u00e2\u0219tiga locuri pentru b\u0103rba\u021bi. Este singura posibilitate pentru unitatea din ora\u0219 care nu se poate extinde altfel, fiind situat\u0103 \u00een apropierea unui liceu.<\/p>\n<ol style=\"text-align: justify;\" start=\"4\">\n<li><strong>Sectorul socio-educativ <\/strong><\/li>\n<\/ol>\n<p style=\"text-align: justify;\">Toate camerele sunt doate cu televizoare, penitenciarul asigur\u0103 accesul de\u021binu\u021bilor la informare prin presa scris\u0103 local\u0103. Asisten\u021ba religioas\u0103, sistat\u0103 c\u00e2teva luni pe perioada pandemiei, a fost reluat\u0103 \u00een acest an. De asemenea cursurile de \u0219colarizare au fost \u0219i ele reluate \u00een 2021.<\/p>\n<p style=\"text-align: justify;\">Cursuri de calificare nu se f\u0103ceau \u00een penitenciar, la data vizitei.<\/p>\n<ol style=\"text-align: justify;\" start=\"5\">\n<li><strong>Munca de\u021binu\u021bilor<\/strong><\/li>\n<\/ol>\n<p style=\"text-align: justify;\">Numai 220 de de\u021binu\u021bi lucrau, la data vizitei, \u00een sectorul administrativ al penitenciarului.<\/p>\n<p style=\"text-align: justify;\">Din octombrie 2020 de\u021binu\u021bii nu au mai lucrat \u00een afara penitenciarului \u0219i nici \u00een atelierul de pantofi din interior. Exist\u0103 un spa\u021biu liber \u00een penitenciar, \u00een care de\u021binu\u021bii au lucrat la pantofi, pentru Rilug, firm\u0103 care \u0219i-a retras activitatea din penitenciare. Deocamdat\u0103 conducerea nu poate s\u0103 \u00eenchirieze respectivul spa\u021biu p\u00e2n\u0103 la aprobarea noului cod administrativ.<\/p>\n<p style=\"text-align: justify;\">Exist\u0103 o stare de nemul\u021bumire \u00een r\u00e2ndul de\u021binu\u021bilor, din cauza lipsei activit\u0103\u021bii \u0219i a restr\u00e2ngerii celorlalte drepturi din cauza pandemiei. De exemplu dreptul la plimbare a fost redus de la 5 la 2 ore pe zi, pentru a nu se intersecta mai multe camere \u00een spa\u021biul de plimbare.<\/p>\n<p style=\"text-align: justify;\">\u00cen anul 2020, din 718 de\u021binu\u021bi, \u00een medie doar 121 au muncit \u2013 20 la prest\u0103ri servicii \u00een exterior \u0219i 101 \u00een interior. La Rilug lucrau 60 de de\u021binu\u021bi, avantajul acestui atelier fiind c\u0103 permitea scoaterea la munc\u0103 \u0219i a celor de la maxim\u0103 securitate.<\/p>\n<p style=\"text-align: justify;\">\n<ol style=\"text-align: justify;\" start=\"6\">\n<li><strong>Sectorul medical <\/strong><\/li>\n<\/ol>\n<p style=\"text-align: justify;\">Cu o zi \u00eenainte de vizita APADOR-CH, la Penitenciarul Craiova \u00eencepuse vaccinarea de\u021binu\u021bilor. 30 de persoane fuseser\u0103 imunizate cu serul Astra Zeneca \u0219i al\u021bi 250 de de\u021binu\u021bi erau pe lista de a\u0219teptare.<\/p>\n<p style=\"text-align: justify;\">\u00cen ultima s\u0103pt\u0103m\u00e2n\u0103 fuseser\u0103 testate toate cadrele \u0219i to\u021bi de\u021binu\u021bii. Testarea se face periodic, la dou\u0103 s\u0103pt\u0103m\u00e2ni dac\u0103 se depisteaz\u0103 vreun focar sau la o lun\u0103 \u00een mod normal.<\/p>\n<p style=\"text-align: justify;\">Testele sunt f\u0103cute \u00een baza unui protocol \u00eencheiat de penitenciar cu o unitate din re\u021beaua privat\u0103 \u0219i sunt decontate de DSP.<\/p>\n<p style=\"text-align: justify;\">Prezentarea de\u021binu\u021bilor la cabinetul medical \u00een ultimul an de pandemie s-a derulat similar ca \u0219i \u00eenainte, dar cu p\u0103strarea separ\u0103rii pe camere a de\u021binu\u021bilor.<\/p>\n<p style=\"text-align: justify;\">\u00cen total, de la \u00eenceputul pandemiei au fost depistate 90 de cazuri de infectare cu Covid. Dac\u0103 erau depista\u021bi pozitiv b\u0103rba\u021bii erau transporta\u021bi la Penitenciarul Spital Poarta Alb\u0103 sau Jilava, iar femeile la Penitenciarul Spital Mioveni.<\/p>\n<ol style=\"text-align: justify;\" start=\"7\">\n<li><strong>Contactul cu exteriorul<\/strong><\/li>\n<\/ol>\n<p style=\"text-align: justify;\">\n<p style=\"text-align: justify;\">De\u021binu\u021bii au telefoane \u00een camere \u0219i \u00een curtea de plimbare \u0219i pot suna oric\u00e2nd p\u00e2n\u0103 la ora 21.00, \u00een limita a 60 de minute zilnic.<\/p>\n<p style=\"text-align: justify;\">Vizitele online \u2013 4\/lun\u0103 \u2013 sunt acordate tuturor de\u021binu\u021bilor, indiferent de conduit\u0103, printr-o aprobare dat\u0103 de ANP din 2020.<\/p>\n<p style=\"text-align: justify;\">Vizite obi\u0219nuite \u2013 8 pentru femei, 3 la maxim\u0103 siguran\u021b\u0103, 5 la regim \u00eenchis \u2013 au fost reluate dup\u0103 1 mai 2020. Vizitele intime s-au acordat retroactiv, abia din acest an, cu respectarea m\u0103surilor de protec\u021bie \u2013 cu test PCR pentru vizitatori sau test antigen rapid \u0219i izolarea de\u021binutul dup\u0103 vizit\u0103.<\/p>\n<ol style=\"text-align: justify;\" start=\"8\">\n<li><strong>Sanc\u021biuni disciplinare <\/strong><\/li>\n<\/ol>\n<p style=\"text-align: justify;\">\u00cen 2020 au fost 325 de rapoarte de incident, 231 de sanc\u021biuni, 74 pentru acte de violen\u021b\u0103, 13 pentru de\u021binere de obiecte interzise \u0219i 41 pentru autoagresiune. Num\u0103rul rapoartelor a fost \u00een sc\u0103dere fa\u021b\u0103 de 2019, dup\u0103 cum a areciat directorul, de\u0219i starea de\u021binu\u021bilor a fost mai \u00eencordat\u0103.<\/p>\n<p style=\"text-align: justify;\">Judec\u0103torul delegat era \u00een concediu \u0219i nu a putut fi contactat pentru a vedea c\u00e2te din aceste sanc\u021biuni au fost contestate de de\u021binu\u021bi.<\/p>\n<ol style=\"text-align: justify;\" start=\"9\">\n<li><strong>Discu\u021bii cu de\u021binu\u021bii <\/strong><\/li>\n<\/ol>\n<p style=\"text-align: justify;\">\u00cen cadrul vizitei virtuale, APADOR-CH a cerut s\u0103 discute \u0219i cu c\u00e2\u021biva de\u021binu\u021bi. Conducerea a spus c\u0103 s-au oferit zece de\u021binu\u021bi, care au fost adu\u0219i pe r\u00e2nd \u00een fa\u021ba camerei \u0219i au discutat cu reprezentantele APADOR-CH.<\/p>\n<p style=\"text-align: justify;\">To\u021bi de\u021binu\u021bii aveau masc\u0103 \u0219i vizier\u0103. Majoritatea au descris condi\u021biile din penitenciar ca fiind acceptabile, dar erau nemul\u021bumi\u021bi de faptul c\u0103 to\u021bi primeau am\u00e2n\u0103ri de la instan\u021be, la solicit\u0103rile de eliberare condi\u021bionat\u0103. De altfel subiectul am\u00e2n\u0103rilor date de instan\u021be a fost unul semnalat at\u00e2t de conducere, c\u00e2t \u0219i de de\u021binu\u021bi, ca fiind o regul\u0103 \u00een ultima perioad\u0103, iar efectele acestor am\u00e2n\u0103ri sporesc nervozitatea din r\u00e2ndul de\u021binu\u021bilor.<\/p>\n<p style=\"text-align: justify;\">\n<p style=\"text-align: justify;\"><strong>De\u021binut 1<\/strong> \u2013 arestat preventiv, cazat pe sec\u021bia 3 \u00eentr-o camer\u0103 cu 30 de persoane \u0219i 30 de paturi. Au grupul sanitar \u00een camer\u0103, ap\u0103 cald\u0103 doar o or\u0103 pe zi, ceea ce este categoric insuficient pentru to\u021bi ocupan\u021bii camerei. De\u021binutul\u00a0 a spus c\u0103 m\u00e2ncarea \u201ee OK, iar pre\u021burile de la magazin acceptabile pentru penitenciar\u201d.<\/p>\n<p style=\"text-align: justify;\"><strong>De\u021binut 2<\/strong> \u2013 arestat preventiv, cazat \u00eentr-o camer\u0103 cu 27 de persoane. Au ap\u0103 cald\u0103 mar\u021bea, joia \u0219i s\u00e2mb\u0103ta de dou\u0103 ori pe zi, iar \u00een restul zilelor doar o dat\u0103 pe zi. Camera are \u00een jur de 15\/8m dimensiuni \u0219i este relativ curat\u0103. M\u00e2ncarea \u201eeste cald\u0103\u201d. De\u021binutul lucreaz\u0103 la cur\u0103\u021benie.<\/p>\n<p style=\"text-align: justify;\"><strong>De\u021binut 3<\/strong> \u2013 arestat preventiv, st\u0103 \u00eentr-o camer\u0103 tot de 30 de persoane, dar sunt doar 29 de ocupan\u021bi. Au trei du\u0219uri \u0219i tot at\u00e2tea toalete \u00een camer\u0103.<\/p>\n<p style=\"text-align: justify;\">De\u021binutul nu s-a vaccinat, a spus c\u0103 mai a\u0219teapt\u0103 s\u0103 vad\u0103 ce reac\u021bii adverse au vaccina\u021bii.<\/p>\n<p style=\"text-align: justify;\"><strong>De\u021binut 4<\/strong> \u2013 de la regim \u00eenchis, st\u0103 \u00eentr-o camer\u0103 cu 10 persoane \u0219i 10 paturi, cu 2 toalete, 2 du\u0219uri. De\u021binutul munce\u0219te \u00een sectorul administrativ, spune c\u0103 prime\u0219te materiale de cur\u0103\u021benie lunar pentru camer\u0103 \u0219i c\u0103 e mul\u021bumit de condi\u021biile din penitenciar. M\u00e2ncarea \u201ee ok\u201d, pre\u021burile la magazin sunt acceptabile.<\/p>\n<p style=\"text-align: justify;\">A povestit c\u0103 a avut nevoie la stomatolog \u0219i i s-a f\u0103cut o lucrare de care era mul\u021bumit. Cu psihologul penitenciarului vorbise cu un an \u00eenainte, \u00een rest spunea c\u0103 nu a mai avut nevoie. Era \u00eenscris pe list\u0103 pentru vaccinare.<\/p>\n<p style=\"text-align: justify;\">Vorbea zilnic cu familia \u0219i credea c\u0103 dac\u0103 s-ar vaccina mai mul\u021bi dintre de\u021binu\u021bi s-ar ridica din restric\u021biile suplimentare din penitenciar.<\/p>\n<p style=\"text-align: justify;\">De\u021binutul a beneficiat \u0219i de o vizit\u0103 intim\u0103. A spus c\u0103 sotia lui a f\u0103cut un test cu 72 de ore \u00eenainte de vizita intim\u0103, iar el a stat \u00een izolare 14 zile \u00eentr-o camer\u0103 singur, dup\u0103 vizit\u0103.<\/p>\n<p style=\"text-align: justify;\">Starea de spirit i s-a schimbat \u00een pandemie, de c\u00e2nd nu mai prime\u0219te vizite f\u0103r\u0103 separator cu familia.<\/p>\n<p style=\"text-align: justify;\"><strong>De\u021binut 5<\/strong> \u2013 de la regim \u00eenchis, cazat cu 14 de\u021binu\u021bi \u00een camer\u0103, a spus c\u0103 e curat, c\u0103 au ap\u0103 cald\u0103 de dou\u0103 ori pe zi. A povestit c\u0103 a avut Covid de dou\u0103 ori, ultima dat\u0103 chiar \u00een luna aprilie anul acesta. De ambele d\u0103\u021bi a fost transferat la Jilava unde a fost \u021binut sub supraveghere. \u00cen aceea\u0219i camer\u0103 cu el au mai fost alte cinci cazuri.<\/p>\n<p style=\"text-align: justify;\">Se programase \u0219i pe lista pentru vaccinare, spun\u00e2nd c\u0103 nu conteaz\u0103 cu ce va fi vaccinat.<\/p>\n<p style=\"text-align: justify;\"><strong>De\u021binut 6<\/strong> \u2013 de la regim \u00eenchis, Sec\u021bia 4, a spus c\u0103 st\u0103 \u00eentr-o camer\u0103 cu 8 paturi \u0219i 7 persoane, de 5\/5m. Consider\u0103 c\u0103 e \u201eo camer\u0103 normal\u0103\u201d. Au ap\u0103 cald\u0103 o dat\u0103 pe zi, 2 toalete \u0219i 2 du\u0219uri, m\u00e2ncarea e bun\u0103 \u0219i pre\u021burile de la magazin, ok.<\/p>\n<p style=\"text-align: justify;\">Nu ar vrea s\u0103 se vaccineze deocamdat\u0103, deoarece nici familia nu se vaccineaz\u0103, nu sunt siguri de vaccin, doar doi colegi din camera lui s-au vaccinat.<\/p>\n<p style=\"text-align: justify;\"><strong>De\u021binut 7<\/strong> \u2013 de la maxim\u0103 siguran\u021b\u0103, st\u0103 \u00eentr-o camer\u0103 cu 2 paturi, 2 persoane, ap\u0103 cald\u0103 de dou\u0103 ori pe zi. Camera e aerisit\u0103. Munce\u0219te la cur\u0103\u021benie pe hol. De\u021binutul a povestit c\u0103 a fost \u00eenchis \u00een 2018 \u0219i c\u0103 prin compara\u021bie cu Penitenciarul Drobeta Turnu Severin, unde a fost \u00eenainte, cel din Craiova ofer\u0103 condi\u021bii mai bune.<\/p>\n<p style=\"text-align: justify;\">Spune c\u0103 m\u00e2ncarea e bun\u0103 fa\u021b\u0103 de alte penitenciare, iar la magazin se duce rar, pentru c\u0103 nu are bani. Dac\u0103 se vaccineaz\u0103 toat\u0103 lumea se va vaccina \u0219i el, dar deocamdat\u0103 mai a\u0219teapt\u0103.<\/p>\n<p style=\"text-align: justify;\">E mul\u021bumit cu vizitele online pentru c\u0103 toat\u0103 familia \u00eei e plecat\u0103 \u00een str\u0103in\u0103tate.<\/p>\n<p style=\"text-align: justify;\"><strong>De\u021binut 8<\/strong> \u2013 de la maxim\u0103 siguran\u021b\u0103, Sec\u021bia 7, st\u0103 \u00eentr-o camer\u0103 cu 2 paturi \u0219i \u00eenc\u0103 un de\u021binut. Spune c\u0103 ar fi bine dac\u0103 camera ar fi mai mare, dar c\u0103 a fost renovat\u0103 \u00een decembrie 2019 \u0219i deci e curat\u0103. A povestit c\u0103 au avut \u0219i c\u0103ldur\u0103 iarna, dar c\u0103 a auzit c\u0103 al\u021bi de\u021binu\u021bi se pl\u00e2ng c\u0103 sufl\u0103 v\u00e2ntul pe la geamuri \u201ede parc\u0103 ai fi pe motoret\u0103\u201d.<\/p>\n<p style=\"text-align: justify;\">Saltelele din camere au fost schimbate \u00een 2020 cu unele noi, din burete.<\/p>\n<p style=\"text-align: justify;\">Despre m\u00e2ncarea de la penitenciar a spus c\u0103 \u201enici acas\u0103 nu m\u00e2ncam \u00een fiecare zi carne. E acceptabil\u0103, sunt zile c\u00e2nd mai e ciorba f\u0103r\u0103 nimic prin ea, dar la regim nu e zi f\u0103r\u0103 carne\u201d. El mai completeaz\u0103 cu alimente de la magazin, dar consider\u0103 c\u0103 pre\u021burile sunt foarte mari, mai ales de c\u00e2nd s-a schimbat patronul magazinului, \u00een 2020.<\/p>\n<p style=\"text-align: justify;\">\u00cen fiecare duminic\u0103, vorbe\u0219te online cu familia \u0219i a peferat s\u0103 renun\u021be la vizitele reale pentru c\u0103 p\u0103rin\u021bii s\u0103i sunt \u00een v\u00e2rst\u0103 \u0219i nu a vrut s\u0103-i pun\u0103 \u00een situa\u021bii de risc.<\/p>\n<p style=\"text-align: justify;\">Spune c\u0103 s-a \u00eenscris la vaccin \u0219i c\u0103 ultima dat\u0103 c\u00e2nd a fost la medic a fost \u00een urm\u0103 cu dou\u0103 s\u0103pt\u0103m\u00e2ni, pentru o r\u0103ceal\u0103. I s-a prescis Paracetamol.<\/p>\n<p style=\"text-align: justify;\"><strong>De\u021binut 9<\/strong> \u2013 de la regim semideschis, sec\u021bia de femei. St\u0103 \u00eentr-o camer\u0103 de aproximativ 20 de mp, cu 10 paturi\/10 persoane, dar un singur du\u0219 \u0219i o toalet\u0103. A povestit c\u0103 anul trecut a fost renovat\u0103 camera \u00een care st\u0103 \u0219i nu mai sunt probleme cu igrasia.<\/p>\n<p style=\"text-align: justify;\">De\u021binuta era nemul\u021bumit\u0103 c\u0103 a primit dou\u0103 am\u00e2n\u0103ri de la instan\u021b\u0103, ultima de 8 luni. Lucreaz\u0103 la cur\u0103\u021benie, din decembrie 2019. A spus c\u0103 m\u00e2ncarea primit\u0103 de la penitenciar e acceptabil\u0103, dac\u0103 se mai completeaz\u0103 cu c\u00e2te ceva de la magazin. \u00cens\u0103 la magazin pre\u021burile sunt foarte mari.<\/p>\n<p style=\"text-align: justify;\">La medic sunt duse de regul\u0103 lunea, iar atunci c\u00e2nd a fost nevoie au fost duse \u0219i \u00een ora\u0219, la medici speciali\u0219ti.<\/p>\n<p style=\"text-align: justify;\">A povestit c\u0103 pe perioada pandemiei nu au mai mers deloc la biseric\u0103, iar cursurile au fost reluate abia acum, \u00een fosta sal\u0103 de mese.<\/p>\n<p style=\"text-align: justify;\"><strong>De\u021binut 10<\/strong> \u2013 de la regim semideschis, sec\u021bia de femei, st\u0103 \u00eentr-o \u201ecamer\u0103 de munci\u201d, cu 13 persoane, 13 paturi \u2013 \u201ecam \u00eenghesuite\u201d \u2013 au 2 du\u0219uri \u0219i o toalet\u0103. Camera are dou\u0103 geamuri \u00een partea de sus, care se deschid, dar care nu asigur\u0103 suficient\u0103 lumin\u0103. Camera a fost renovat\u0103 \u00een 2020.<\/p>\n<p style=\"text-align: justify;\">M\u00e2ncarea e bun\u0103, \u00eendestul\u0103toare, iar la magazin, \u00een func\u021bie de ce cumperi, unele m\u0103rfuri sunt mai scumpe. Produsele de igien\u0103 le prime\u0219te de la penitenciar, lunar, \u0219i sunt relativ suficiente.<\/p>\n<p style=\"text-align: justify;\">Familia o viziteaz\u0103 cu separator \u0219i lunar se testeaz\u0103. S-a vaccinat pentru c\u0103 nu a avut de ales, are o boal\u0103 cronic\u0103 \u0219i a vrut s\u0103 se protejeze.<\/p>\n<p style=\"text-align: justify;\">De\u021binuta a apreciat c\u0103 asisten\u021ba medical\u0103 este satisf\u0103c\u0103toare \u00een penitenciar.<\/p>\n<p>&nbsp;<\/p>\n<div class=\"su-note\"  style=\"border-color:#e5cdd9;border-radius:2px;-moz-border-radius:2px;-webkit-border-radius:2px;\"><div class=\"su-note-inner su-u-clearfix su-u-trim\" style=\"background-color:#ffe7f3;border-color:#ffffff;color:#333333;border-radius:2px;-moz-border-radius:2px;-webkit-border-radius:2px;\">\n<p style=\"text-align: justify;\"><strong>Concluzii \u0219i recomand\u0103ri<\/strong><\/p>\n<ul>\n<li style=\"text-align: justify;\">Din discu\u021biile avute \u00een cadrul acestei vizite atipice reprezentantele asocia\u021biei nu au putut desprinde concret eventualele neajunsuri din camere, care se pot observa doar la o vizit\u0103 la fa\u021ba locului.<\/li>\n<li style=\"text-align: justify;\">Au fost eviden\u021biate, \u00eens\u0103, c\u00e2teva neajunsuri sistemice: supraaglomerarea, lipsa personalului medical de specialitate, lipsa locurilor de munc\u0103. Toate preexistente, dar cu siguran\u021b\u0103 agravate de limit\u0103rile impuse de pandemie.<\/li>\n<li style=\"text-align: justify;\">Asocia\u021bia recomand\u0103 o aten\u021bie sporit\u0103 la situa\u021bia tensionat\u0103 existent\u0103 \u00een r\u00e2ndul de\u021binu\u021bilor, generat\u0103 pe fondul pandemic de toate restric\u021biile suplimentare impuse \u0219i de restr\u00e2ngerea unor drepturi cum ar fi men\u021binerea u\u0219ilor deschise, vizitele f\u0103r\u0103 separator, ie\u0219irea la munc\u0103 \u00een comunicate. Aceast\u0103 situa\u021bie tensionat\u0103 se poate traduce \u00eentr-o cre\u0219tere a num\u0103rului \u0219i a\u0219a destul de mare de afec\u021biuni psihice.<\/li>\n<li style=\"text-align: justify;\">De asemenea este l\u0103udabil c\u0103 ANP a decis ca vizitele online s\u0103 fie acordate tuturor de\u021binu\u021bilor \u00een aceast\u0103 perioad\u0103 dificil\u0103, ca un drept \u0219i nu ca un bonus.<\/li>\n<li style=\"text-align: justify;\">Asocia\u021bia recomand\u0103 ANP s\u0103 fac\u0103 eforturi sus\u021binute pentru aducerea \u00een sistem a medicilor psihiatri \u0219i pentru \u00eembun\u0103t\u0103\u021birea tratamentului persoanelor cu boli psihice, segment mult mai vulenrabil dec\u00e2t ceilal\u021bi de\u021binu\u021bi, mai cu seam\u0103 \u00een perioada pandemic\u0103.<\/li>\n<\/ul>\n<\/div><\/div>","protected":false},"excerpt":{"rendered":"<p class=\"qtranxs-available-languages-message qtranxs-available-languages-message-en\">Sorry, this entry is only available in <a href=\"https:\/\/apador.org\/ro\/wp-json\/wp\/v2\/posts\/9731\" class=\"qtranxs-available-language-link qtranxs-available-language-link-ro\" title=\"Rom\u00e2n\u0103\">Rom\u00e2n\u0103<\/a>. For the sake of viewer convenience, the content is shown below in the alternative language. You may click the link to switch the active language.<\/p>\n<p>Condi\u021bii de de\u021binere \u00een Penitenciarul Craiova, hran\u0103, supaaglomerare, Covid 19, test\u0103ri, vaccinare, asisten\u021b\u0103 medical\u0103.<\/p>\n","protected":false},"author":2,"featured_media":8135,"comment_status":"closed","ping_status":"closed","sticky":false,"template":"","format":"standard","meta":{"footnotes":""},"categories":[15],"tags":[203,154,1463,1462,943,1464],"class_list":["post-9731","post","type-post","status-publish","format-standard","has-post-thumbnail","hentry","category-monitorizarea-conditiilor-de-detentie-penitenciare","tag-conditii-detentie","tag-detinuti","tag-penitenciarul-craiova","tag-raport-penitenciarul-craiova","tag-testare-covid-19","tag-vaccinare-covid-19"],"_links":{"self":[{"href":"https:\/\/apador.org\/en\/wp-json\/wp\/v2\/posts\/9731","targetHints":{"allow":["GET"]}}],"collection":[{"href":"https:\/\/apador.org\/en\/wp-json\/wp\/v2\/posts"}],"about":[{"href":"https:\/\/apador.org\/en\/wp-json\/wp\/v2\/types\/post"}],"author":[{"embeddable":true,"href":"https:\/\/apador.org\/en\/wp-json\/wp\/v2\/users\/2"}],"replies":[{"embeddable":true,"href":"https:\/\/apador.org\/en\/wp-json\/wp\/v2\/comments?post=9731"}],"version-history":[{"count":1,"href":"https:\/\/apador.org\/en\/wp-json\/wp\/v2\/posts\/9731\/revisions"}],"predecessor-version":[{"id":9732,"href":"https:\/\/apador.org\/en\/wp-json\/wp\/v2\/posts\/9731\/revisions\/9732"}],"wp:featuredmedia":[{"embeddable":true,"href":"https:\/\/apador.org\/en\/wp-json\/wp\/v2\/media\/8135"}],"wp:attachment":[{"href":"https:\/\/apador.org\/en\/wp-json\/wp\/v2\/media?parent=9731"}],"wp:term":[{"taxonomy":"category","embeddable":true,"href":"https:\/\/apador.org\/en\/wp-json\/wp\/v2\/categories?post=9731"},{"taxonomy":"post_tag","embeddable":true,"href":"https:\/\/apador.org\/en\/wp-json\/wp\/v2\/tags?post=9731"}],"curies":[{"name":"wp","href":"https:\/\/api.w.org\/{rel}","templated":true}]}}