{"id":9889,"date":"2021-12-07T10:00:47","date_gmt":"2021-12-07T08:00:47","guid":{"rendered":"https:\/\/apador.org\/?p=9889"},"modified":"2021-12-20T19:27:35","modified_gmt":"2021-12-20T17:27:35","slug":"cum-i-a-convins-administratia-penitenciarelor-pe-detinuti-sa-se-vaccineze","status":"publish","type":"post","link":"https:\/\/apador.org\/en\/cum-i-a-convins-administratia-penitenciarelor-pe-detinuti-sa-se-vaccineze\/","title":{"rendered":"Cum i-a convins Administra\u021bia Penitenciarelor pe de\u021binu\u021bi s\u0103 se vaccineze"},"content":{"rendered":"<p class=\"qtranxs-available-languages-message qtranxs-available-languages-message-en\">Sorry, this entry is only available in <a href=\"https:\/\/apador.org\/ro\/wp-json\/wp\/v2\/posts\/9889\" class=\"qtranxs-available-language-link qtranxs-available-language-link-ro\" title=\"Rom\u00e2n\u0103\">Rom\u00e2n\u0103<\/a>. For the sake of viewer convenience, the content is shown below in the alternative language. You may click the link to switch the active language.<\/p><h3 style=\"text-align: justify;\"><em>\u0218i de ce nu a reu\u0219it aceea\u0219i performan\u021b\u0103 \u0219i cu propriii angaja\u021bi<\/em><\/h3>\n<p style=\"text-align: justify;\">Unul dintre proiectele derulate de APADOR-CH \u00een 2021 este <a href=\"https:\/\/apador.org\/egalitatea-in-sistemele-de-justitie-penala-in-ue\/\" target=\"_blank\" rel=\"noopener\">Equalitydata<\/a>, o cercetare european\u0103 ce presupune intervievarea c\u00e2torva mii de de\u021binu\u021bi din mai multe \u021b\u0103ri, pentru a vedea cum le-au fost respectate drepturile procedurale \u00een timpul procesului penal. Noi interviev\u0103m o mie de de\u021binu\u021bi din toat\u0103 \u021bara, ac\u021biune care, din cauza pandemiei, se deruleaz\u0103 online. De altfel multe din procedurile penale din ultimii ani au fost f\u0103cute online (audieri \u00een instan\u021be, rela\u021bia arestatului cu avocatul etc), iar cercetarea surprinde \u0219i acest aspect, al modului \u00een care ancheta\u021bii au resim\u021bit astfel de proceduri din fa\u021ba unui ecran din care poate s\u0103 vin\u0103 deopotriv\u0103 condamnarea sau achitarea.<\/p>\n<p style=\"text-align: justify;\">Este prima cercetare de o asemenea anvergur\u0103 \u00een spa\u021biul european \u0219i rezultatele ei se anun\u021b\u0103 interesante. Le vom face publice probabil la mijlocul lui 2022. P\u00e2n\u0103 atunci, \u00eens\u0103, v\u0103 oferim c\u00e2teva date ob\u021binute \u00een timpul interviurilor, de la de\u021binu\u021bi, dar \u0219i statistici transmise de Administra\u021bia Na\u021bional\u0103 a Penitenciarelor (ANP), la solicitarea APADOR-CH.<\/p>\n<p style=\"text-align: justify;\">Pandemia a schimbat \u0219i modul \u00een care APADOR-CH a monitorizat respectarea drepturilor omului \u00een deten\u021bie \u00een ultimii doi ani. Imposibilitatea de a mai face vizite fizic \u00een penitenciare ne-a f\u0103cut s\u0103 ne baz\u0103m exclusiv pe scrisorile primite de la de\u021binu\u021bi sau rudele lor, pe declara\u021biile de\u021binu\u021bilor \u00een timpul interviurilor online \u0219i pe r\u0103spunsurile administra\u021biei la \u00eentreb\u0103rile noastre. Nu se compar\u0103 cu ceea ce vedem \u0219i sim\u021bim nemijlocit \u00een timpul vizitelor de monitorizare, \u00eens\u0103 momentan este tot ce putem face ca s\u0103 \u021binem leg\u0103tura cu aceast\u0103 comunitate \u00eenchis\u0103.<\/p>\n<p style=\"text-align: justify;\">\u00cen timpul interviurilor am aflat c\u0103 mare parte dintre de\u021binu\u021bi sunt vaccina\u021bi anti Covid 19. Unii au spus c\u0103 au f\u0103cut-o din convingerea c\u0103 numai astfel dep\u0103\u0219im pandemia, al\u021bii au spus c\u0103 au vrut s\u0103-\u0219i poat\u0103 str\u00e2nge \u00een bra\u021be copiii sau so\u021biile la vizit\u0103 sau c\u0103 astfel sper\u0103 s\u0103 poat\u0103 ie\u0219i la munc\u0103. Au existat \u0219i c\u00e2\u021biva care au admis c\u0103 s-au vaccinat pentru a ob\u021bine credite, adic\u0103 puncte de recompens\u0103 care dau bine la comisiile de eliberare condi\u021bionat\u0103.<\/p>\n<blockquote><p>22.884 de de\u021binu\u021bi se afl\u0103 \u00een penitenciarele din Rom\u00e2nia<\/p><\/blockquote>\n<p style=\"text-align: justify;\">Acestea au fost \u00een principal motivele care au contribuit la procentul mare de vaccina\u021bi \u00een r\u00e2ndul de\u021binu\u021bilor \u2013 <strong>aproape 79%, adic\u0103 17.984 de de\u021binu\u021bi dintr-un total de 22.884, conform r\u0103spunsului oferit de ANP<\/strong>.<\/p>\n<p style=\"text-align: justify;\">Campania de vaccinare nu a avut acela\u0219i succes \u0219i \u00een r\u00e2ndul angaja\u021bilor care lucreaz\u0103 cu de\u021binu\u021bii. Ace\u0219tia sunt vaccina\u021bi \u00een propor\u021bie de 59%, un procent totu\u0219i mai mare dec\u00e2t \u00een r\u00e2ndul popula\u021biei \u00een general, dar mai mic dec\u00e2t al de\u021binu\u021bilor. Angaja\u021bii ANP nu trebuie s\u0103 ob\u021bin\u0103 credite, nici nu le este condi\u021bionat\u0103 de un vaccin munca sau rela\u021bia cu familia.<\/p>\n<blockquote><p>79% dintre de\u021binu\u021bi \u0219i 59% dintre angaja\u021bii ANP sunt vaccina\u021bi anti Covid 19<\/p><\/blockquote>\n<p style=\"text-align: justify;\">De altfel, din spusele de\u021binu\u021bilor, se pare c\u0103 numai creditele au fost recompensele certe ob\u021binute \u00een urma vaccin\u0103rii \u2013 pe l\u00e2ng\u0103 anticorpii da\u021bi de vaccin. \u00cen continuare, chiar \u0219i cei vaccina\u021bi nu pot primi vizite de la familie dec\u00e2t cu dispozitiv de separare \u2013 deci nu-\u0219i pot lua \u00een bra\u021be copiii, fapt care \u00eei nemul\u021bume\u0219te pe mul\u021bi. Unii au punctat c\u0103 li se pare ironic c\u0103 angaja\u021bi ai penitenciarului, nevaccina\u021bi, le cer rudelor de\u021binu\u021bilor care vin \u00een vizit\u0103 s\u0103 fie vaccinate.<\/p>\n<p style=\"text-align: justify;\">C\u00e2t prive\u0219te posibilitatea de a munci, dup\u0103 cum r\u0103spunde ANP, aceasta nu e condi\u021bionat\u0103 de vaccin, ci doar de regimul de deten\u021bie, de nevoile penitenciarului, de comportamentul de\u021binutului \u0219i, ad\u0103ug\u0103m noi, de priceperea managerului de penitenciar, dac\u0103 \u0219tie s\u0103 g\u0103seasc\u0103 sau nu locuri de munc\u0103 pentru de\u021binu\u021bi.<\/p>\n<p style=\"text-align: justify;\">Lumea \u00eenchis\u0103 a penitenciarelor pare s\u0103 fi trecut p\u00e2n\u0103 acum prin pandemie un pic mai u\u0219or dec\u00e2t noi, cei liberi. Din statisticile ANP reiese c\u0103 <strong>din februarie 2020 p\u00e2n\u0103 acum au trecut prin boal\u0103 3364 de de\u021binu\u021bi din totalul de 22.884. Dintre ace\u0219tia, 3078 s-au vindecat \u0219i 15 au murit<\/strong>. 271 de de\u021binu\u021bi sunt \u00een prezent infecta\u021bi cu Covid 19.<\/p>\n<blockquote><p>3364 de de\u021binu\u021bi au avut Covid 19 \u0219i 15 au murit \u00een Penitenciarele din Rom\u00e2nia<\/p><\/blockquote>\n<p style=\"text-align: justify;\"><strong>Penitenciarele cu cei mai mul\u021bi infecta\u021bi pe durata pandemiei au fost: Timi\u0219oara, Jilava, Rahova, Craiova \u0219i Arad<\/strong>. \u00cen r\u0103spunsul ANP ve\u021bi g\u0103si detaliate toate aceste informa\u021bii, despre cazurile de infect\u0103ri, vindec\u0103ri \u0219i vaccin\u0103ri pe fiecare penitenciar \u00een parte.<\/p>\n<p>Num\u0103rul angaja\u021bilor ANP care au f\u0103cut boala \u00een aceea\u0219i perioad\u0103 a fost de 2.783 (dintr-un total de 12.208), dintre care 4 au murit. Cel mai multe cazuri de infect\u0103ri la personal s-au \u00eenregistrat \u00een penitenciarele: Timi\u0219oara, Jilava, Rahova, Arad \u0219i Ia\u0219i.<\/p>\n<a href=\"https:\/\/apador.org\/wp-content\/uploads\/2021\/12\/raspuns-anp-covid.pdf\" class=\"su-button su-button-style-soft su-button-wide\" style=\"color:#324645;background-color:#0ff25c;border-color:#0cc24a;border-radius:7px\" target=\"_blank\" rel=\"noopener noreferrer\" title=\"bla\"><span style=\"color:#324645;padding:7px 20px;font-size:16px;line-height:24px;border-color:#57f68d;border-radius:7px;text-shadow:none\"><i class=\"sui sui-hand-o-right\" style=\"font-size:16px;color:#FFFFFF\"><\/i> Citi\u021bi integral r\u0103spunsul ANP la solicitarea de informa\u021bii a APADOR-CH.<\/span><\/a>\n<p style=\"text-align: justify;\">","protected":false},"excerpt":{"rendered":"<p class=\"qtranxs-available-languages-message qtranxs-available-languages-message-en\">Sorry, this entry is only available in <a href=\"https:\/\/apador.org\/ro\/wp-json\/wp\/v2\/posts\/9889\" class=\"qtranxs-available-language-link qtranxs-available-language-link-ro\" title=\"Rom\u00e2n\u0103\">Rom\u00e2n\u0103<\/a>. For the sake of viewer convenience, the content is shown below in the alternative language. You may click the link to switch the active language.<\/p>\n<p>\u0218i de ce nu a reu\u0219it aceea\u0219i performan\u021b\u0103 \u0219i cu propriii angaja\u021bi<\/p>\n","protected":false},"author":2,"featured_media":106,"comment_status":"closed","ping_status":"closed","sticky":false,"template":"","format":"standard","meta":{"footnotes":""},"categories":[1026,1022,939,81],"tags":[468,942,154,57,1464],"class_list":["post-9889","post","type-post","status-publish","format-standard","has-post-thumbnail","hentry","category-articole","category-articole-reportaje","category-covid-19","category-slider","tag-administratia-nationala-a-penitenciarelor","tag-covid-19","tag-detinuti","tag-penitenciare","tag-vaccinare-covid-19"],"_links":{"self":[{"href":"https:\/\/apador.org\/en\/wp-json\/wp\/v2\/posts\/9889","targetHints":{"allow":["GET"]}}],"collection":[{"href":"https:\/\/apador.org\/en\/wp-json\/wp\/v2\/posts"}],"about":[{"href":"https:\/\/apador.org\/en\/wp-json\/wp\/v2\/types\/post"}],"author":[{"embeddable":true,"href":"https:\/\/apador.org\/en\/wp-json\/wp\/v2\/users\/2"}],"replies":[{"embeddable":true,"href":"https:\/\/apador.org\/en\/wp-json\/wp\/v2\/comments?post=9889"}],"version-history":[{"count":6,"href":"https:\/\/apador.org\/en\/wp-json\/wp\/v2\/posts\/9889\/revisions"}],"predecessor-version":[{"id":9954,"href":"https:\/\/apador.org\/en\/wp-json\/wp\/v2\/posts\/9889\/revisions\/9954"}],"wp:featuredmedia":[{"embeddable":true,"href":"https:\/\/apador.org\/en\/wp-json\/wp\/v2\/media\/106"}],"wp:attachment":[{"href":"https:\/\/apador.org\/en\/wp-json\/wp\/v2\/media?parent=9889"}],"wp:term":[{"taxonomy":"category","embeddable":true,"href":"https:\/\/apador.org\/en\/wp-json\/wp\/v2\/categories?post=9889"},{"taxonomy":"post_tag","embeddable":true,"href":"https:\/\/apador.org\/en\/wp-json\/wp\/v2\/tags?post=9889"}],"curies":[{"name":"wp","href":"https:\/\/api.w.org\/{rel}","templated":true}]}}